{"id":1897,"date":"2023-04-30T09:10:00","date_gmt":"2023-04-30T06:10:00","guid":{"rendered":"https:\/\/sofia-today.com\/?p=1897"},"modified":"2026-08-21T11:18:24","modified_gmt":"2026-08-21T08:18:24","slug":"4-motive-sa-mergeti-la-mare-vara-aceasta","status":"publish","type":"post","link":"https:\/\/sofia-today.com\/ro\/4-motive-sa-mergeti-la-mare-vara-aceasta\/","title":{"rendered":"4 motive s\u0103 merge\u021bi la mare vara aceasta"},"content":{"rendered":"\n<p class=\"wp-block-paragraph\">Marea este una dintre destina\u021biile preferate pentru relaxare \u0219i odihn\u0103 \u00een timpul verii, \u0219i nu \u00eent\u00e2mpl\u0103tor. Sta\u021biunile de pe litoral ofer\u0103 o mul\u021bime de avantaje, ceea ce le face alegerea perfect\u0103 pentru oricine dore\u0219te o experien\u021b\u0103 estival\u0103 de calitate. Iar dac\u0103 opta\u021bi pentru un<a href=\"https:\/\/longosahotel.com\/ro\/\"> hotel\u00a0Sunny Beach Bulgaria All inclusive<\/a>, distrac\u021bia \u0219i confortul sunt garantate. \u00cen r\u00e2ndurile urm\u0103toare, v\u0103 prezent\u0103m patru motive pentru care ar trebui s\u0103 alege\u021bi marea \u00een locul muntelui vara aceasta.<\/p>\n\n\n\n<h3 class=\"wp-block-heading\"><strong>Relaxare \u0219i lini\u0219te<\/strong><\/h3>\n\n\n\n<p class=\"wp-block-paragraph\">Mul\u021bi asociaz\u0103 marea cu aglomera\u021bia \u0219i zgomotul. Adev\u0103rul este c\u0103 litoralul este ideal pentru cei care caut\u0103 relaxare \u0219i lini\u0219te. Priveli\u0219tile marine \u0219i albastrul infinit al m\u0103rii sunt o combina\u021bie minunat\u0103 care calmeaz\u0103 mintea \u0219i trupul. E greu de exprimat \u00een cuvinte c\u00e2t de pl\u0103cut este s\u0103 prive\u0219ti cum cerul \u0219i marea se contopesc, cum razele soarelui \u00eent\u00e2mpin\u0103 o nou\u0103 zi sau cum la apus soarele se ascunde \u00eencet \u00een spatele norilor. Sunetul valurilor, briza m\u0103rii, soarele \u0219i apa limpede sunt elemente care v\u0103 pot ajuta s\u0103 uita\u021bi de grijile cotidiene.<\/p>\n\n\n\n<h3 class=\"wp-block-heading\"><strong>Diversitate de distrac\u021bii<\/strong><\/h3>\n\n\n\n<p class=\"wp-block-paragraph\">Sta\u021biunile de pe litoral ofer\u0103 o gam\u0103 variat\u0103 de op\u021biuni de divertisment pentru toate v\u00e2rstele. De la jocuri pe plaj\u0103 \u0219i sporturi acvatice p\u00e2n\u0103 la evenimente culturale \u0219i distrac\u021bii nocturne, ora\u0219ele de pe malul m\u0103rii au ceva pentru fiecare. Prin compara\u021bie, muntele poate avea activit\u0103\u021bi mai limitate (dac\u0103 nu sunte\u021bi un fan \u00eenr\u0103it al drume\u021biilor, unde nu v\u0103 ve\u021bi plictisi).<\/p>\n\n\n\n<h3 class=\"wp-block-heading\"><strong>M\u00e2ncare \u0219i b\u0103uturi<\/strong><\/h3>\n\n\n\n<p class=\"wp-block-paragraph\">Buc\u0103t\u0103ria marin\u0103 este renumit\u0103 pentru varietatea sa de arome \u0219i gusturi. \u00cen timpul vacan\u021bei de var\u0103, v\u0103 pute\u021bi bucura de pe\u0219te proasp\u0103t \u0219i fructe de mare. Multe sta\u021biuni de pe litoral sunt cunoscute pentru barurile \u0219i restaurantele lor, unde pute\u021bi savura cocktailuri \u0219i specialit\u0103\u021bi locale delicioase.<\/p>\n\n\n\n<h3 class=\"wp-block-heading\"><strong>Plaja<\/strong><\/h3>\n\n\n\n<p class=\"wp-block-paragraph\">Cum ar fi o vacan\u021b\u0103 la mare f\u0103r\u0103 o vizit\u0103 pe plaj\u0103? Pune\u021bi \u00een bagaj costumul de baie \u0219i bucura\u021bi-v\u0103 de razele soarelui al\u0103turi de o carte bun\u0103. \u00cenota\u021bi \u00een apele limpezi, construi\u021bi castele de nisip cu cei mici sau distra\u021bi-v\u0103 al\u0103turi de prieteni pe plaj\u0103. V\u0103 recomand\u0103m s\u0103 \u00eencerca\u021bi \u0219i activit\u0103\u021bi nautice, cum ar fi surfingul, plimb\u0103rile cu jet-ski sau banana.<\/p>\n\n\n\n<h3 class=\"wp-block-heading\"><strong>\u00cen concluzie<\/strong><\/h3>\n\n\n\n<p class=\"wp-block-paragraph\">Vara este, f\u0103r\u0103 \u00eendoial\u0103, timpul perfect pentru relaxare \u0219i distrac\u021bie. Alegerea dintre mare \u0219i munte poate fi dificil\u0103. Ambele op\u021biuni au farmecul \u0219i avantajele lor. Totu\u0219i, vara aceasta, noi miz\u0103m pe litoralul bulg\u0103resc \u0219i pe un hotel all-inclusive pe prima linie de plaj\u0103. Dar voi?<\/p>\n","protected":false},"excerpt":{"rendered":"<p>Marea este una dintre destina\u021biile preferate pentru relaxare \u0219i odihn\u0103 \u00een timpul verii, \u0219i nu \u00eent\u00e2mpl\u0103tor. Sta\u021biunile de pe litoral ofer\u0103 o mul\u021bime de avantaje, ceea ce le face alegerea perfect\u0103 pentru oricine dore\u0219te o experien\u021b\u0103 estival\u0103 de calitate. Iar dac\u0103 opta\u021bi pentru un hotel\u00a0Sunny Beach Bulgaria All inclusive, distrac\u021bia \u0219i confortul sunt garantate. \u00cen [&hellip;]<\/p>\n","protected":false},"author":1,"featured_media":1753,"comment_status":"closed","ping_status":"closed","sticky":false,"template":"","format":"standard","meta":{"footnotes":""},"categories":[17,34],"tags":[],"class_list":["post-1897","post","type-post","status-publish","format-standard","has-post-thumbnail","hentry","category-alatii","category-interesant"],"yoast_head":"<!-- This site is optimized with the Yoast SEO plugin v28.3 - https:\/\/yoast.com\/product\/yoast-seo-wordpress\/ -->\n<title>4 motive s\u0103 merge\u021bi la mare vara aceasta - Sofia-today.com<\/title>\n<meta name=\"description\" content=\"Vara este aproape aici! Descoperi\u021bi de ce s\u0103 v\u0103 petrece\u021bi vacan\u021ba de var\u0103 la mare \u0219i de ce s\u0103 alege\u021bi un hotel all-inclusive pe prima linie de plaj\u0103 \u00een Sunny Beach.\" \/>\n<meta name=\"robots\" content=\"index, follow, max-snippet:-1, max-image-preview:large, max-video-preview:-1\" \/>\n<link rel=\"canonical\" href=\"https:\/\/sofia-today.com\/ro\/4-motive-sa-mergeti-la-mare-vara-aceasta\/\" \/>\n<meta property=\"og:locale\" content=\"ro_RO\" \/>\n<meta property=\"og:type\" content=\"article\" \/>\n<meta property=\"og:title\" content=\"4 motive s\u0103 merge\u021bi la mare vara aceasta - Sofia-today.com\" \/>\n<meta property=\"og:description\" content=\"Vara este aproape aici! Descoperi\u021bi de ce s\u0103 v\u0103 petrece\u021bi vacan\u021ba de var\u0103 la mare \u0219i de ce s\u0103 alege\u021bi un hotel all-inclusive pe prima linie de plaj\u0103 \u00een Sunny Beach.\" \/>\n<meta property=\"og:url\" content=\"https:\/\/sofia-today.com\/ro\/4-motive-sa-mergeti-la-mare-vara-aceasta\/\" \/>\n<meta property=\"og:site_name\" content=\"Sofia-today.com\" \/>\n<meta property=\"article:published_time\" content=\"2023-04-30T06:10:00+00:00\" \/>\n<meta property=\"article:modified_time\" content=\"2026-08-21T08:18:24+00:00\" \/>\n<meta property=\"og:image\" content=\"https:\/\/sofia-today.com\/wp-content\/uploads\/2023\/04\/\u043f\u043e\u0447\u0438\u0432\u043a\u0430-\u043d\u0430-\u043c\u043e\u0440\u0435\u0442\u043e-\u0432-all-inclusive-\u0445\u043e\u0442\u0435\u043b-\u043d\u0430-\u043f\u044a\u0440\u0432\u0430-\u043b\u0438\u043d\u0438\u044f.png\" \/>\n\t<meta property=\"og:image:width\" content=\"1920\" \/>\n\t<meta property=\"og:image:height\" content=\"1080\" \/>\n\t<meta property=\"og:image:type\" content=\"image\/png\" \/>\n<meta name=\"author\" content=\"admin\" \/>\n<meta name=\"twitter:card\" content=\"summary_large_image\" \/>\n<meta name=\"twitter:label1\" content=\"Scris de\" \/>\n\t<meta name=\"twitter:data1\" content=\"admin\" \/>\n\t<meta name=\"twitter:label2\" content=\"Timp estimat pentru citire\" \/>\n\t<meta name=\"twitter:data2\" content=\"2 minute\" \/>\n<script type=\"application\/ld+json\" class=\"yoast-schema-graph\">{\"@context\":\"https:\\\/\\\/schema.org\",\"@graph\":[{\"@type\":\"Article\",\"@id\":\"https:\\\/\\\/sofia-today.com\\\/ro\\\/4-motive-sa-mergeti-la-mare-vara-aceasta\\\/#article\",\"isPartOf\":{\"@id\":\"https:\\\/\\\/sofia-today.com\\\/ro\\\/4-motive-sa-mergeti-la-mare-vara-aceasta\\\/\"},\"author\":{\"name\":\"admin\",\"@id\":\"https:\\\/\\\/sofia-today.com\\\/#\\\/schema\\\/person\\\/1c57218a6bbf3a960a388e047b2971d5\"},\"headline\":\"4 motive s\u0103 merge\u021bi la mare vara aceasta\",\"datePublished\":\"2023-04-30T06:10:00+00:00\",\"dateModified\":\"2026-08-21T08:18:24+00:00\",\"mainEntityOfPage\":{\"@id\":\"https:\\\/\\\/sofia-today.com\\\/ro\\\/4-motive-sa-mergeti-la-mare-vara-aceasta\\\/\"},\"wordCount\":467,\"publisher\":{\"@id\":\"https:\\\/\\\/sofia-today.com\\\/#organization\"},\"image\":{\"@id\":\"https:\\\/\\\/sofia-today.com\\\/ro\\\/4-motive-sa-mergeti-la-mare-vara-aceasta\\\/#primaryimage\"},\"thumbnailUrl\":\"https:\\\/\\\/sofia-today.com\\\/wp-content\\\/uploads\\\/2023\\\/04\\\/\u043f\u043e\u0447\u0438\u0432\u043a\u0430-\u043d\u0430-\u043c\u043e\u0440\u0435\u0442\u043e-\u0432-all-inclusive-\u0445\u043e\u0442\u0435\u043b-\u043d\u0430-\u043f\u044a\u0440\u0432\u0430-\u043b\u0438\u043d\u0438\u044f.png\",\"articleSection\":[\"Alal\u021bii\",\"Interesant\"],\"inLanguage\":\"ro-RO\"},{\"@type\":\"WebPage\",\"@id\":\"https:\\\/\\\/sofia-today.com\\\/ro\\\/4-motive-sa-mergeti-la-mare-vara-aceasta\\\/\",\"url\":\"https:\\\/\\\/sofia-today.com\\\/ro\\\/4-motive-sa-mergeti-la-mare-vara-aceasta\\\/\",\"name\":\"4 motive s\u0103 merge\u021bi la mare vara aceasta - Sofia-today.com\",\"isPartOf\":{\"@id\":\"https:\\\/\\\/sofia-today.com\\\/#website\"},\"primaryImageOfPage\":{\"@id\":\"https:\\\/\\\/sofia-today.com\\\/ro\\\/4-motive-sa-mergeti-la-mare-vara-aceasta\\\/#primaryimage\"},\"image\":{\"@id\":\"https:\\\/\\\/sofia-today.com\\\/ro\\\/4-motive-sa-mergeti-la-mare-vara-aceasta\\\/#primaryimage\"},\"thumbnailUrl\":\"https:\\\/\\\/sofia-today.com\\\/wp-content\\\/uploads\\\/2023\\\/04\\\/\u043f\u043e\u0447\u0438\u0432\u043a\u0430-\u043d\u0430-\u043c\u043e\u0440\u0435\u0442\u043e-\u0432-all-inclusive-\u0445\u043e\u0442\u0435\u043b-\u043d\u0430-\u043f\u044a\u0440\u0432\u0430-\u043b\u0438\u043d\u0438\u044f.png\",\"datePublished\":\"2023-04-30T06:10:00+00:00\",\"dateModified\":\"2026-08-21T08:18:24+00:00\",\"description\":\"Vara este aproape aici! Descoperi\u021bi de ce s\u0103 v\u0103 petrece\u021bi vacan\u021ba de var\u0103 la mare \u0219i de ce s\u0103 alege\u021bi un hotel all-inclusive pe prima linie de plaj\u0103 \u00een Sunny Beach.\",\"breadcrumb\":{\"@id\":\"https:\\\/\\\/sofia-today.com\\\/ro\\\/4-motive-sa-mergeti-la-mare-vara-aceasta\\\/#breadcrumb\"},\"inLanguage\":\"ro-RO\",\"potentialAction\":[{\"@type\":\"ReadAction\",\"target\":[\"https:\\\/\\\/sofia-today.com\\\/ro\\\/4-motive-sa-mergeti-la-mare-vara-aceasta\\\/\"]}]},{\"@type\":\"ImageObject\",\"inLanguage\":\"ro-RO\",\"@id\":\"https:\\\/\\\/sofia-today.com\\\/ro\\\/4-motive-sa-mergeti-la-mare-vara-aceasta\\\/#primaryimage\",\"url\":\"https:\\\/\\\/sofia-today.com\\\/wp-content\\\/uploads\\\/2023\\\/04\\\/\u043f\u043e\u0447\u0438\u0432\u043a\u0430-\u043d\u0430-\u043c\u043e\u0440\u0435\u0442\u043e-\u0432-all-inclusive-\u0445\u043e\u0442\u0435\u043b-\u043d\u0430-\u043f\u044a\u0440\u0432\u0430-\u043b\u0438\u043d\u0438\u044f.png\",\"contentUrl\":\"https:\\\/\\\/sofia-today.com\\\/wp-content\\\/uploads\\\/2023\\\/04\\\/\u043f\u043e\u0447\u0438\u0432\u043a\u0430-\u043d\u0430-\u043c\u043e\u0440\u0435\u0442\u043e-\u0432-all-inclusive-\u0445\u043e\u0442\u0435\u043b-\u043d\u0430-\u043f\u044a\u0440\u0432\u0430-\u043b\u0438\u043d\u0438\u044f.png\",\"width\":1920,\"height\":1080,\"caption\":\"\u043f\u043e\u0447\u0438\u0432\u043a\u0430 \u043d\u0430 \u043c\u043e\u0440\u0435\u0442\u043e \u0432 \u0445\u043e\u0442\u0435\u043b \u0432 \u0421\u043b\u044a\u043d\u0447\u0435\u0432 \u0431\u0440\u044f\u0433 all inclusive \u043d\u0430 \u043f\u044a\u0440\u0432\u0430 \u043b\u0438\u043d\u0438\u044f\"},{\"@type\":\"BreadcrumbList\",\"@id\":\"https:\\\/\\\/sofia-today.com\\\/ro\\\/4-motive-sa-mergeti-la-mare-vara-aceasta\\\/#breadcrumb\",\"itemListElement\":[{\"@type\":\"ListItem\",\"position\":1,\"name\":\"Pagina principala\",\"item\":\"https:\\\/\\\/sofia-today.com\\\/\"},{\"@type\":\"ListItem\",\"position\":2,\"name\":\"4 motive s\u0103 merge\u021bi la mare vara aceasta\"}]},{\"@type\":\"WebSite\",\"@id\":\"https:\\\/\\\/sofia-today.com\\\/#website\",\"url\":\"https:\\\/\\\/sofia-today.com\\\/\",\"name\":\"Sofia-today.com\",\"description\":\"\",\"publisher\":{\"@id\":\"https:\\\/\\\/sofia-today.com\\\/#organization\"},\"potentialAction\":[{\"@type\":\"SearchAction\",\"target\":{\"@type\":\"EntryPoint\",\"urlTemplate\":\"https:\\\/\\\/sofia-today.com\\\/?s={search_term_string}\"},\"query-input\":{\"@type\":\"PropertyValueSpecification\",\"valueRequired\":true,\"valueName\":\"search_term_string\"}}],\"inLanguage\":\"ro-RO\"},{\"@type\":\"Organization\",\"@id\":\"https:\\\/\\\/sofia-today.com\\\/#organization\",\"name\":\"Sofia-today.com\",\"url\":\"https:\\\/\\\/sofia-today.com\\\/\",\"logo\":{\"@type\":\"ImageObject\",\"inLanguage\":\"ro-RO\",\"@id\":\"https:\\\/\\\/sofia-today.com\\\/#\\\/schema\\\/logo\\\/image\\\/\",\"url\":\"https:\\\/\\\/sofia-today.com\\\/wp-content\\\/uploads\\\/2026\\\/08\\\/sofia-Copy.png\",\"contentUrl\":\"https:\\\/\\\/sofia-today.com\\\/wp-content\\\/uploads\\\/2026\\\/08\\\/sofia-Copy.png\",\"width\":332,\"height\":49,\"caption\":\"Sofia-today.com\"},\"image\":{\"@id\":\"https:\\\/\\\/sofia-today.com\\\/#\\\/schema\\\/logo\\\/image\\\/\"}},{\"@type\":\"Person\",\"@id\":\"https:\\\/\\\/sofia-today.com\\\/#\\\/schema\\\/person\\\/1c57218a6bbf3a960a388e047b2971d5\",\"name\":\"admin\",\"image\":{\"@type\":\"ImageObject\",\"inLanguage\":\"ro-RO\",\"@id\":\"https:\\\/\\\/secure.gravatar.com\\\/avatar\\\/d4bba4799a9e110700c455daf9fe3ed850eaa392a587d5fbe4531d21ca083c15?s=96&d=mm&r=g\",\"url\":\"https:\\\/\\\/secure.gravatar.com\\\/avatar\\\/d4bba4799a9e110700c455daf9fe3ed850eaa392a587d5fbe4531d21ca083c15?s=96&d=mm&r=g\",\"contentUrl\":\"https:\\\/\\\/secure.gravatar.com\\\/avatar\\\/d4bba4799a9e110700c455daf9fe3ed850eaa392a587d5fbe4531d21ca083c15?s=96&d=mm&r=g\",\"caption\":\"admin\"},\"sameAs\":[\"https:\\\/\\\/sofia-today.com\"],\"url\":\"https:\\\/\\\/sofia-today.com\\\/ro\\\/author\\\/blogadmin\\\/\"}]}<\/script>\n<!-- \/ Yoast SEO plugin. -->","yoast_head_json":{"title":"4 motive s\u0103 merge\u021bi la mare vara aceasta - Sofia-today.com","description":"Vara este aproape aici! Descoperi\u021bi de ce s\u0103 v\u0103 petrece\u021bi vacan\u021ba de var\u0103 la mare \u0219i de ce s\u0103 alege\u021bi un hotel all-inclusive pe prima linie de plaj\u0103 \u00een Sunny Beach.","robots":{"index":"index","follow":"follow","max-snippet":"max-snippet:-1","max-image-preview":"max-image-preview:large","max-video-preview":"max-video-preview:-1"},"canonical":"https:\/\/sofia-today.com\/ro\/4-motive-sa-mergeti-la-mare-vara-aceasta\/","og_locale":"ro_RO","og_type":"article","og_title":"4 motive s\u0103 merge\u021bi la mare vara aceasta - Sofia-today.com","og_description":"Vara este aproape aici! Descoperi\u021bi de ce s\u0103 v\u0103 petrece\u021bi vacan\u021ba de var\u0103 la mare \u0219i de ce s\u0103 alege\u021bi un hotel all-inclusive pe prima linie de plaj\u0103 \u00een Sunny Beach.","og_url":"https:\/\/sofia-today.com\/ro\/4-motive-sa-mergeti-la-mare-vara-aceasta\/","og_site_name":"Sofia-today.com","article_published_time":"2023-04-30T06:10:00+00:00","article_modified_time":"2026-08-21T08:18:24+00:00","og_image":[{"width":1920,"height":1080,"url":"https:\/\/sofia-today.com\/wp-content\/uploads\/2023\/04\/\u043f\u043e\u0447\u0438\u0432\u043a\u0430-\u043d\u0430-\u043c\u043e\u0440\u0435\u0442\u043e-\u0432-all-inclusive-\u0445\u043e\u0442\u0435\u043b-\u043d\u0430-\u043f\u044a\u0440\u0432\u0430-\u043b\u0438\u043d\u0438\u044f.png","type":"image\/png"}],"author":"admin","twitter_card":"summary_large_image","twitter_misc":{"Scris de":"admin","Timp estimat pentru citire":"2 minute"},"schema":{"@context":"https:\/\/schema.org","@graph":[{"@type":"Article","@id":"https:\/\/sofia-today.com\/ro\/4-motive-sa-mergeti-la-mare-vara-aceasta\/#article","isPartOf":{"@id":"https:\/\/sofia-today.com\/ro\/4-motive-sa-mergeti-la-mare-vara-aceasta\/"},"author":{"name":"admin","@id":"https:\/\/sofia-today.com\/#\/schema\/person\/1c57218a6bbf3a960a388e047b2971d5"},"headline":"4 motive s\u0103 merge\u021bi la mare vara aceasta","datePublished":"2023-04-30T06:10:00+00:00","dateModified":"2026-08-21T08:18:24+00:00","mainEntityOfPage":{"@id":"https:\/\/sofia-today.com\/ro\/4-motive-sa-mergeti-la-mare-vara-aceasta\/"},"wordCount":467,"publisher":{"@id":"https:\/\/sofia-today.com\/#organization"},"image":{"@id":"https:\/\/sofia-today.com\/ro\/4-motive-sa-mergeti-la-mare-vara-aceasta\/#primaryimage"},"thumbnailUrl":"https:\/\/sofia-today.com\/wp-content\/uploads\/2023\/04\/\u043f\u043e\u0447\u0438\u0432\u043a\u0430-\u043d\u0430-\u043c\u043e\u0440\u0435\u0442\u043e-\u0432-all-inclusive-\u0445\u043e\u0442\u0435\u043b-\u043d\u0430-\u043f\u044a\u0440\u0432\u0430-\u043b\u0438\u043d\u0438\u044f.png","articleSection":["Alal\u021bii","Interesant"],"inLanguage":"ro-RO"},{"@type":"WebPage","@id":"https:\/\/sofia-today.com\/ro\/4-motive-sa-mergeti-la-mare-vara-aceasta\/","url":"https:\/\/sofia-today.com\/ro\/4-motive-sa-mergeti-la-mare-vara-aceasta\/","name":"4 motive s\u0103 merge\u021bi la mare vara aceasta - Sofia-today.com","isPartOf":{"@id":"https:\/\/sofia-today.com\/#website"},"primaryImageOfPage":{"@id":"https:\/\/sofia-today.com\/ro\/4-motive-sa-mergeti-la-mare-vara-aceasta\/#primaryimage"},"image":{"@id":"https:\/\/sofia-today.com\/ro\/4-motive-sa-mergeti-la-mare-vara-aceasta\/#primaryimage"},"thumbnailUrl":"https:\/\/sofia-today.com\/wp-content\/uploads\/2023\/04\/\u043f\u043e\u0447\u0438\u0432\u043a\u0430-\u043d\u0430-\u043c\u043e\u0440\u0435\u0442\u043e-\u0432-all-inclusive-\u0445\u043e\u0442\u0435\u043b-\u043d\u0430-\u043f\u044a\u0440\u0432\u0430-\u043b\u0438\u043d\u0438\u044f.png","datePublished":"2023-04-30T06:10:00+00:00","dateModified":"2026-08-21T08:18:24+00:00","description":"Vara este aproape aici! Descoperi\u021bi de ce s\u0103 v\u0103 petrece\u021bi vacan\u021ba de var\u0103 la mare \u0219i de ce s\u0103 alege\u021bi un hotel all-inclusive pe prima linie de plaj\u0103 \u00een Sunny Beach.","breadcrumb":{"@id":"https:\/\/sofia-today.com\/ro\/4-motive-sa-mergeti-la-mare-vara-aceasta\/#breadcrumb"},"inLanguage":"ro-RO","potentialAction":[{"@type":"ReadAction","target":["https:\/\/sofia-today.com\/ro\/4-motive-sa-mergeti-la-mare-vara-aceasta\/"]}]},{"@type":"ImageObject","inLanguage":"ro-RO","@id":"https:\/\/sofia-today.com\/ro\/4-motive-sa-mergeti-la-mare-vara-aceasta\/#primaryimage","url":"https:\/\/sofia-today.com\/wp-content\/uploads\/2023\/04\/\u043f\u043e\u0447\u0438\u0432\u043a\u0430-\u043d\u0430-\u043c\u043e\u0440\u0435\u0442\u043e-\u0432-all-inclusive-\u0445\u043e\u0442\u0435\u043b-\u043d\u0430-\u043f\u044a\u0440\u0432\u0430-\u043b\u0438\u043d\u0438\u044f.png","contentUrl":"https:\/\/sofia-today.com\/wp-content\/uploads\/2023\/04\/\u043f\u043e\u0447\u0438\u0432\u043a\u0430-\u043d\u0430-\u043c\u043e\u0440\u0435\u0442\u043e-\u0432-all-inclusive-\u0445\u043e\u0442\u0435\u043b-\u043d\u0430-\u043f\u044a\u0440\u0432\u0430-\u043b\u0438\u043d\u0438\u044f.png","width":1920,"height":1080,"caption":"\u043f\u043e\u0447\u0438\u0432\u043a\u0430 \u043d\u0430 \u043c\u043e\u0440\u0435\u0442\u043e \u0432 \u0445\u043e\u0442\u0435\u043b \u0432 \u0421\u043b\u044a\u043d\u0447\u0435\u0432 \u0431\u0440\u044f\u0433 all inclusive \u043d\u0430 \u043f\u044a\u0440\u0432\u0430 \u043b\u0438\u043d\u0438\u044f"},{"@type":"BreadcrumbList","@id":"https:\/\/sofia-today.com\/ro\/4-motive-sa-mergeti-la-mare-vara-aceasta\/#breadcrumb","itemListElement":[{"@type":"ListItem","position":1,"name":"Pagina principala","item":"https:\/\/sofia-today.com\/"},{"@type":"ListItem","position":2,"name":"4 motive s\u0103 merge\u021bi la mare vara aceasta"}]},{"@type":"WebSite","@id":"https:\/\/sofia-today.com\/#website","url":"https:\/\/sofia-today.com\/","name":"Sofia-today.com","description":"","publisher":{"@id":"https:\/\/sofia-today.com\/#organization"},"potentialAction":[{"@type":"SearchAction","target":{"@type":"EntryPoint","urlTemplate":"https:\/\/sofia-today.com\/?s={search_term_string}"},"query-input":{"@type":"PropertyValueSpecification","valueRequired":true,"valueName":"search_term_string"}}],"inLanguage":"ro-RO"},{"@type":"Organization","@id":"https:\/\/sofia-today.com\/#organization","name":"Sofia-today.com","url":"https:\/\/sofia-today.com\/","logo":{"@type":"ImageObject","inLanguage":"ro-RO","@id":"https:\/\/sofia-today.com\/#\/schema\/logo\/image\/","url":"https:\/\/sofia-today.com\/wp-content\/uploads\/2026\/08\/sofia-Copy.png","contentUrl":"https:\/\/sofia-today.com\/wp-content\/uploads\/2026\/08\/sofia-Copy.png","width":332,"height":49,"caption":"Sofia-today.com"},"image":{"@id":"https:\/\/sofia-today.com\/#\/schema\/logo\/image\/"}},{"@type":"Person","@id":"https:\/\/sofia-today.com\/#\/schema\/person\/1c57218a6bbf3a960a388e047b2971d5","name":"admin","image":{"@type":"ImageObject","inLanguage":"ro-RO","@id":"https:\/\/secure.gravatar.com\/avatar\/d4bba4799a9e110700c455daf9fe3ed850eaa392a587d5fbe4531d21ca083c15?s=96&d=mm&r=g","url":"https:\/\/secure.gravatar.com\/avatar\/d4bba4799a9e110700c455daf9fe3ed850eaa392a587d5fbe4531d21ca083c15?s=96&d=mm&r=g","contentUrl":"https:\/\/secure.gravatar.com\/avatar\/d4bba4799a9e110700c455daf9fe3ed850eaa392a587d5fbe4531d21ca083c15?s=96&d=mm&r=g","caption":"admin"},"sameAs":["https:\/\/sofia-today.com"],"url":"https:\/\/sofia-today.com\/ro\/author\/blogadmin\/"}]}},"_links":{"self":[{"href":"https:\/\/sofia-today.com\/ro\/wp-json\/wp\/v2\/posts\/1897","targetHints":{"allow":["GET"]}}],"collection":[{"href":"https:\/\/sofia-today.com\/ro\/wp-json\/wp\/v2\/posts"}],"about":[{"href":"https:\/\/sofia-today.com\/ro\/wp-json\/wp\/v2\/types\/post"}],"author":[{"embeddable":true,"href":"https:\/\/sofia-today.com\/ro\/wp-json\/wp\/v2\/users\/1"}],"replies":[{"embeddable":true,"href":"https:\/\/sofia-today.com\/ro\/wp-json\/wp\/v2\/comments?post=1897"}],"version-history":[{"count":1,"href":"https:\/\/sofia-today.com\/ro\/wp-json\/wp\/v2\/posts\/1897\/revisions"}],"predecessor-version":[{"id":2106,"href":"https:\/\/sofia-today.com\/ro\/wp-json\/wp\/v2\/posts\/1897\/revisions\/2106"}],"wp:featuredmedia":[{"embeddable":true,"href":"https:\/\/sofia-today.com\/ro\/wp-json\/wp\/v2\/media\/1753"}],"wp:attachment":[{"href":"https:\/\/sofia-today.com\/ro\/wp-json\/wp\/v2\/media?parent=1897"}],"wp:term":[{"taxonomy":"category","embeddable":true,"href":"https:\/\/sofia-today.com\/ro\/wp-json\/wp\/v2\/categories?post=1897"},{"taxonomy":"post_tag","embeddable":true,"href":"https:\/\/sofia-today.com\/ro\/wp-json\/wp\/v2\/tags?post=1897"}],"curies":[{"name":"wp","href":"https:\/\/api.w.org\/{rel}","templated":true}]}}