{"id":1961,"date":"2015-10-05T08:20:15","date_gmt":"2015-10-05T05:20:15","guid":{"rendered":"https:\/\/sofia-today.com\/?p=1961"},"modified":"2026-08-21T11:19:29","modified_gmt":"2026-08-21T08:19:29","slug":"perperikon-orasul-sacru-tracic-antic","status":"publish","type":"post","link":"https:\/\/sofia-today.com\/ro\/perperikon-orasul-sacru-tracic-antic\/","title":{"rendered":"Perperikon \u2013 Ora\u0219ul sacru tracic antic"},"content":{"rendered":"\n<p class=\"wp-block-paragraph\">Complexul arheologic medieval Perperikon se afl\u0103 \u00een Mun\u021bii Rodopi de Est, la 20 km nord-est de ora\u0219ul Kardzhali. Este unul dintre cele mai vechi \u0219i mai mari monumente megalitice, sculptat \u00een st\u00e2nc\u0103. Se crede c\u0103 a fost un sanctuar tracic antic dedicat lui Dionysos, care a devenit renumit \u00een Antichitate. Suprafa\u021ba total\u0103 a complexului arheologic este de aproximativ 12 kilometri p\u0103tra\u021bi.<\/p>\n\n\n\n<p class=\"wp-block-paragraph\">Impozantul sanctuar Perperikon se \u00eenal\u021b\u0103 pe un v\u00e2rf de st\u00e2nc\u0103 la o altitudine de 470 de metri. La poalele sale se afl\u0103 satul Gorna Krepost. Pe l\u00e2ng\u0103 el curge r\u00e2ul Perpereshka, care a format o vale fertil\u0103 cu o lungime de 10 km \u0219i o l\u0103\u021bime de 3\u20134 km, oferind condi\u021bii ideale de trai din cele mai vechi timpuri. S\u0103p\u0103turile arheologice arat\u0103 c\u0103 acolo a existat un mare ora\u0219 s\u0103pat \u00een st\u00e2nc\u0103, care a \u00eenflorit \u00een epoca roman\u0103.<\/p>\n\n\n\n<p class=\"wp-block-paragraph\">Ultimele cercet\u0103ri arheologice arat\u0103 clar c\u0103 cele mai timpurii urme de via\u021b\u0103 dateaz\u0103 din perioada neolitic\u0103 t\u00e2rzie (aproximativ 5000 \u00ee.Hr.). Sanctuarul de piatr\u0103 a atins un v\u00e2rf de dezvoltare la sf\u00e2r\u0219itul epocii bronzului (sec. XVIII\u2013XII \u00ee.Hr.).<\/p>\n\n\n\n<p class=\"wp-block-paragraph\">Din punct de vedere arhitectural, Perperikon este alc\u0103tuit din patru p\u0103r\u021bi: Acropola, situat\u0103 \u00een cea mai \u00eenalt\u0103 parte a dealului, o fort\u0103rea\u021b\u0103 masiv\u0103, un palat-sanctuar \u0219i suburbii nordice \u0219i sudice cu str\u0103zi s\u0103pate \u00een st\u00e2nc\u0103.<\/p>\n\n\n\n<p class=\"wp-block-paragraph\">Ast\u0103zi, gloria antic\u0103 a Perperikonului \u00eenc\u0103 tr\u0103ie\u0219te. Ora\u0219ul antic este unic prin arhitectura sa, peisajul natural, istoria \u0219i importan\u021ba sa multireligioas\u0103 \u2013 o adev\u0103rat\u0103 minune a lumii. Multe dintre descoperirile arheologice din acest ora\u0219 sacru pot fi v\u0103zute \u00een Muzeul Istoric din ora\u0219ul Kardzhali.<\/p>\n","protected":false},"excerpt":{"rendered":"<p>Complexul arheologic medieval Perperikon se afl\u0103 \u00een Mun\u021bii Rodopi de Est, la 20 km nord-est de ora\u0219ul Kardzhali. Este unul dintre cele mai vechi \u0219i mai mari monumente megalitice, sculptat \u00een st\u00e2nc\u0103. Se crede c\u0103 a fost un sanctuar tracic antic dedicat lui Dionysos, care a devenit renumit \u00een Antichitate. Suprafa\u021ba total\u0103 a complexului arheologic [&hellip;]<\/p>\n","protected":false},"author":1,"featured_media":1210,"comment_status":"closed","ping_status":"closed","sticky":false,"template":"","format":"standard","meta":{"footnotes":""},"categories":[29,30],"tags":[],"class_list":["post-1961","post","type-post","status-publish","format-standard","has-post-thumbnail","hentry","category-atractii-turistice","category-atractii-turistice-in-afara-sofia"],"yoast_head":"<!-- This site is optimized with the Yoast SEO plugin v28.3 - https:\/\/yoast.com\/product\/yoast-seo-wordpress\/ -->\n<title>Perperikon \u2013 Ora\u0219ul sacru tracic antic - Sofia-today.com<\/title>\n<meta name=\"robots\" content=\"index, follow, max-snippet:-1, max-image-preview:large, max-video-preview:-1\" \/>\n<link rel=\"canonical\" href=\"https:\/\/sofia-today.com\/ro\/perperikon-orasul-sacru-tracic-antic\/\" \/>\n<meta property=\"og:locale\" content=\"ro_RO\" \/>\n<meta property=\"og:type\" content=\"article\" \/>\n<meta property=\"og:title\" content=\"Perperikon \u2013 Ora\u0219ul sacru tracic antic - Sofia-today.com\" \/>\n<meta property=\"og:description\" content=\"Complexul arheologic medieval Perperikon se afl\u0103 \u00een Mun\u021bii Rodopi de Est, la 20 km nord-est de ora\u0219ul Kardzhali. Este unul dintre cele mai vechi \u0219i mai mari monumente megalitice, sculptat \u00een st\u00e2nc\u0103. Se crede c\u0103 a fost un sanctuar tracic antic dedicat lui Dionysos, care a devenit renumit \u00een Antichitate. Suprafa\u021ba total\u0103 a complexului arheologic [&hellip;]\" \/>\n<meta property=\"og:url\" content=\"https:\/\/sofia-today.com\/ro\/perperikon-orasul-sacru-tracic-antic\/\" \/>\n<meta property=\"og:site_name\" content=\"Sofia-today.com\" \/>\n<meta property=\"article:published_time\" content=\"2015-10-05T05:20:15+00:00\" \/>\n<meta property=\"article:modified_time\" content=\"2026-08-21T08:19:29+00:00\" \/>\n<meta property=\"og:image\" content=\"https:\/\/sofia-today.com\/wp-content\/uploads\/2015\/10\/\u041f\u0435\u0440\u043f\u0435\u0440\u0438\u043a\u043e\u043d-1.jpg\" \/>\n\t<meta property=\"og:image:width\" content=\"1024\" \/>\n\t<meta property=\"og:image:height\" content=\"768\" \/>\n\t<meta property=\"og:image:type\" content=\"image\/jpeg\" \/>\n<meta name=\"author\" content=\"admin\" \/>\n<meta name=\"twitter:card\" content=\"summary_large_image\" \/>\n<meta name=\"twitter:label1\" content=\"Scris de\" \/>\n\t<meta name=\"twitter:data1\" content=\"admin\" \/>\n\t<meta name=\"twitter:label2\" content=\"Timp estimat pentru citire\" \/>\n\t<meta name=\"twitter:data2\" content=\"2 minute\" \/>\n<script type=\"application\/ld+json\" class=\"yoast-schema-graph\">{\"@context\":\"https:\\\/\\\/schema.org\",\"@graph\":[{\"@type\":\"Article\",\"@id\":\"https:\\\/\\\/sofia-today.com\\\/ro\\\/perperikon-orasul-sacru-tracic-antic\\\/#article\",\"isPartOf\":{\"@id\":\"https:\\\/\\\/sofia-today.com\\\/ro\\\/perperikon-orasul-sacru-tracic-antic\\\/\"},\"author\":{\"name\":\"admin\",\"@id\":\"https:\\\/\\\/sofia-today.com\\\/#\\\/schema\\\/person\\\/1c57218a6bbf3a960a388e047b2971d5\"},\"headline\":\"Perperikon \u2013 Ora\u0219ul sacru tracic antic\",\"datePublished\":\"2015-10-05T05:20:15+00:00\",\"dateModified\":\"2026-08-21T08:19:29+00:00\",\"mainEntityOfPage\":{\"@id\":\"https:\\\/\\\/sofia-today.com\\\/ro\\\/perperikon-orasul-sacru-tracic-antic\\\/\"},\"wordCount\":290,\"publisher\":{\"@id\":\"https:\\\/\\\/sofia-today.com\\\/#organization\"},\"image\":{\"@id\":\"https:\\\/\\\/sofia-today.com\\\/ro\\\/perperikon-orasul-sacru-tracic-antic\\\/#primaryimage\"},\"thumbnailUrl\":\"https:\\\/\\\/sofia-today.com\\\/wp-content\\\/uploads\\\/2015\\\/10\\\/\u041f\u0435\u0440\u043f\u0435\u0440\u0438\u043a\u043e\u043d-1.jpg\",\"articleSection\":[\"Atrac\u0163ii\",\"Atrac\u0163ii turistice \u00een afara Sofia\"],\"inLanguage\":\"ro-RO\"},{\"@type\":\"WebPage\",\"@id\":\"https:\\\/\\\/sofia-today.com\\\/ro\\\/perperikon-orasul-sacru-tracic-antic\\\/\",\"url\":\"https:\\\/\\\/sofia-today.com\\\/ro\\\/perperikon-orasul-sacru-tracic-antic\\\/\",\"name\":\"Perperikon \u2013 Ora\u0219ul sacru tracic antic - Sofia-today.com\",\"isPartOf\":{\"@id\":\"https:\\\/\\\/sofia-today.com\\\/#website\"},\"primaryImageOfPage\":{\"@id\":\"https:\\\/\\\/sofia-today.com\\\/ro\\\/perperikon-orasul-sacru-tracic-antic\\\/#primaryimage\"},\"image\":{\"@id\":\"https:\\\/\\\/sofia-today.com\\\/ro\\\/perperikon-orasul-sacru-tracic-antic\\\/#primaryimage\"},\"thumbnailUrl\":\"https:\\\/\\\/sofia-today.com\\\/wp-content\\\/uploads\\\/2015\\\/10\\\/\u041f\u0435\u0440\u043f\u0435\u0440\u0438\u043a\u043e\u043d-1.jpg\",\"datePublished\":\"2015-10-05T05:20:15+00:00\",\"dateModified\":\"2026-08-21T08:19:29+00:00\",\"breadcrumb\":{\"@id\":\"https:\\\/\\\/sofia-today.com\\\/ro\\\/perperikon-orasul-sacru-tracic-antic\\\/#breadcrumb\"},\"inLanguage\":\"ro-RO\",\"potentialAction\":[{\"@type\":\"ReadAction\",\"target\":[\"https:\\\/\\\/sofia-today.com\\\/ro\\\/perperikon-orasul-sacru-tracic-antic\\\/\"]}]},{\"@type\":\"ImageObject\",\"inLanguage\":\"ro-RO\",\"@id\":\"https:\\\/\\\/sofia-today.com\\\/ro\\\/perperikon-orasul-sacru-tracic-antic\\\/#primaryimage\",\"url\":\"https:\\\/\\\/sofia-today.com\\\/wp-content\\\/uploads\\\/2015\\\/10\\\/\u041f\u0435\u0440\u043f\u0435\u0440\u0438\u043a\u043e\u043d-1.jpg\",\"contentUrl\":\"https:\\\/\\\/sofia-today.com\\\/wp-content\\\/uploads\\\/2015\\\/10\\\/\u041f\u0435\u0440\u043f\u0435\u0440\u0438\u043a\u043e\u043d-1.jpg\",\"width\":1024,\"height\":768,\"caption\":\"\u041f\u0435\u0440\u043f\u0435\u0440\u0438\u043a\u043e\u043d\"},{\"@type\":\"BreadcrumbList\",\"@id\":\"https:\\\/\\\/sofia-today.com\\\/ro\\\/perperikon-orasul-sacru-tracic-antic\\\/#breadcrumb\",\"itemListElement\":[{\"@type\":\"ListItem\",\"position\":1,\"name\":\"Pagina principala\",\"item\":\"https:\\\/\\\/sofia-today.com\\\/\"},{\"@type\":\"ListItem\",\"position\":2,\"name\":\"Perperikon \u2013 Ora\u0219ul sacru tracic antic\"}]},{\"@type\":\"WebSite\",\"@id\":\"https:\\\/\\\/sofia-today.com\\\/#website\",\"url\":\"https:\\\/\\\/sofia-today.com\\\/\",\"name\":\"Sofia-today.com\",\"description\":\"\",\"publisher\":{\"@id\":\"https:\\\/\\\/sofia-today.com\\\/#organization\"},\"potentialAction\":[{\"@type\":\"SearchAction\",\"target\":{\"@type\":\"EntryPoint\",\"urlTemplate\":\"https:\\\/\\\/sofia-today.com\\\/?s={search_term_string}\"},\"query-input\":{\"@type\":\"PropertyValueSpecification\",\"valueRequired\":true,\"valueName\":\"search_term_string\"}}],\"inLanguage\":\"ro-RO\"},{\"@type\":\"Organization\",\"@id\":\"https:\\\/\\\/sofia-today.com\\\/#organization\",\"name\":\"Sofia-today.com\",\"url\":\"https:\\\/\\\/sofia-today.com\\\/\",\"logo\":{\"@type\":\"ImageObject\",\"inLanguage\":\"ro-RO\",\"@id\":\"https:\\\/\\\/sofia-today.com\\\/#\\\/schema\\\/logo\\\/image\\\/\",\"url\":\"https:\\\/\\\/sofia-today.com\\\/wp-content\\\/uploads\\\/2026\\\/08\\\/sofia-Copy.png\",\"contentUrl\":\"https:\\\/\\\/sofia-today.com\\\/wp-content\\\/uploads\\\/2026\\\/08\\\/sofia-Copy.png\",\"width\":332,\"height\":49,\"caption\":\"Sofia-today.com\"},\"image\":{\"@id\":\"https:\\\/\\\/sofia-today.com\\\/#\\\/schema\\\/logo\\\/image\\\/\"}},{\"@type\":\"Person\",\"@id\":\"https:\\\/\\\/sofia-today.com\\\/#\\\/schema\\\/person\\\/1c57218a6bbf3a960a388e047b2971d5\",\"name\":\"admin\",\"image\":{\"@type\":\"ImageObject\",\"inLanguage\":\"ro-RO\",\"@id\":\"https:\\\/\\\/secure.gravatar.com\\\/avatar\\\/d4bba4799a9e110700c455daf9fe3ed850eaa392a587d5fbe4531d21ca083c15?s=96&d=mm&r=g\",\"url\":\"https:\\\/\\\/secure.gravatar.com\\\/avatar\\\/d4bba4799a9e110700c455daf9fe3ed850eaa392a587d5fbe4531d21ca083c15?s=96&d=mm&r=g\",\"contentUrl\":\"https:\\\/\\\/secure.gravatar.com\\\/avatar\\\/d4bba4799a9e110700c455daf9fe3ed850eaa392a587d5fbe4531d21ca083c15?s=96&d=mm&r=g\",\"caption\":\"admin\"},\"sameAs\":[\"https:\\\/\\\/sofia-today.com\"],\"url\":\"https:\\\/\\\/sofia-today.com\\\/ro\\\/author\\\/blogadmin\\\/\"}]}<\/script>\n<!-- \/ Yoast SEO plugin. -->","yoast_head_json":{"title":"Perperikon \u2013 Ora\u0219ul sacru tracic antic - Sofia-today.com","robots":{"index":"index","follow":"follow","max-snippet":"max-snippet:-1","max-image-preview":"max-image-preview:large","max-video-preview":"max-video-preview:-1"},"canonical":"https:\/\/sofia-today.com\/ro\/perperikon-orasul-sacru-tracic-antic\/","og_locale":"ro_RO","og_type":"article","og_title":"Perperikon \u2013 Ora\u0219ul sacru tracic antic - Sofia-today.com","og_description":"Complexul arheologic medieval Perperikon se afl\u0103 \u00een Mun\u021bii Rodopi de Est, la 20 km nord-est de ora\u0219ul Kardzhali. Este unul dintre cele mai vechi \u0219i mai mari monumente megalitice, sculptat \u00een st\u00e2nc\u0103. Se crede c\u0103 a fost un sanctuar tracic antic dedicat lui Dionysos, care a devenit renumit \u00een Antichitate. Suprafa\u021ba total\u0103 a complexului arheologic [&hellip;]","og_url":"https:\/\/sofia-today.com\/ro\/perperikon-orasul-sacru-tracic-antic\/","og_site_name":"Sofia-today.com","article_published_time":"2015-10-05T05:20:15+00:00","article_modified_time":"2026-08-21T08:19:29+00:00","og_image":[{"width":1024,"height":768,"url":"https:\/\/sofia-today.com\/wp-content\/uploads\/2015\/10\/\u041f\u0435\u0440\u043f\u0435\u0440\u0438\u043a\u043e\u043d-1.jpg","type":"image\/jpeg"}],"author":"admin","twitter_card":"summary_large_image","twitter_misc":{"Scris de":"admin","Timp estimat pentru citire":"2 minute"},"schema":{"@context":"https:\/\/schema.org","@graph":[{"@type":"Article","@id":"https:\/\/sofia-today.com\/ro\/perperikon-orasul-sacru-tracic-antic\/#article","isPartOf":{"@id":"https:\/\/sofia-today.com\/ro\/perperikon-orasul-sacru-tracic-antic\/"},"author":{"name":"admin","@id":"https:\/\/sofia-today.com\/#\/schema\/person\/1c57218a6bbf3a960a388e047b2971d5"},"headline":"Perperikon \u2013 Ora\u0219ul sacru tracic antic","datePublished":"2015-10-05T05:20:15+00:00","dateModified":"2026-08-21T08:19:29+00:00","mainEntityOfPage":{"@id":"https:\/\/sofia-today.com\/ro\/perperikon-orasul-sacru-tracic-antic\/"},"wordCount":290,"publisher":{"@id":"https:\/\/sofia-today.com\/#organization"},"image":{"@id":"https:\/\/sofia-today.com\/ro\/perperikon-orasul-sacru-tracic-antic\/#primaryimage"},"thumbnailUrl":"https:\/\/sofia-today.com\/wp-content\/uploads\/2015\/10\/\u041f\u0435\u0440\u043f\u0435\u0440\u0438\u043a\u043e\u043d-1.jpg","articleSection":["Atrac\u0163ii","Atrac\u0163ii turistice \u00een afara Sofia"],"inLanguage":"ro-RO"},{"@type":"WebPage","@id":"https:\/\/sofia-today.com\/ro\/perperikon-orasul-sacru-tracic-antic\/","url":"https:\/\/sofia-today.com\/ro\/perperikon-orasul-sacru-tracic-antic\/","name":"Perperikon \u2013 Ora\u0219ul sacru tracic antic - Sofia-today.com","isPartOf":{"@id":"https:\/\/sofia-today.com\/#website"},"primaryImageOfPage":{"@id":"https:\/\/sofia-today.com\/ro\/perperikon-orasul-sacru-tracic-antic\/#primaryimage"},"image":{"@id":"https:\/\/sofia-today.com\/ro\/perperikon-orasul-sacru-tracic-antic\/#primaryimage"},"thumbnailUrl":"https:\/\/sofia-today.com\/wp-content\/uploads\/2015\/10\/\u041f\u0435\u0440\u043f\u0435\u0440\u0438\u043a\u043e\u043d-1.jpg","datePublished":"2015-10-05T05:20:15+00:00","dateModified":"2026-08-21T08:19:29+00:00","breadcrumb":{"@id":"https:\/\/sofia-today.com\/ro\/perperikon-orasul-sacru-tracic-antic\/#breadcrumb"},"inLanguage":"ro-RO","potentialAction":[{"@type":"ReadAction","target":["https:\/\/sofia-today.com\/ro\/perperikon-orasul-sacru-tracic-antic\/"]}]},{"@type":"ImageObject","inLanguage":"ro-RO","@id":"https:\/\/sofia-today.com\/ro\/perperikon-orasul-sacru-tracic-antic\/#primaryimage","url":"https:\/\/sofia-today.com\/wp-content\/uploads\/2015\/10\/\u041f\u0435\u0440\u043f\u0435\u0440\u0438\u043a\u043e\u043d-1.jpg","contentUrl":"https:\/\/sofia-today.com\/wp-content\/uploads\/2015\/10\/\u041f\u0435\u0440\u043f\u0435\u0440\u0438\u043a\u043e\u043d-1.jpg","width":1024,"height":768,"caption":"\u041f\u0435\u0440\u043f\u0435\u0440\u0438\u043a\u043e\u043d"},{"@type":"BreadcrumbList","@id":"https:\/\/sofia-today.com\/ro\/perperikon-orasul-sacru-tracic-antic\/#breadcrumb","itemListElement":[{"@type":"ListItem","position":1,"name":"Pagina principala","item":"https:\/\/sofia-today.com\/"},{"@type":"ListItem","position":2,"name":"Perperikon \u2013 Ora\u0219ul sacru tracic antic"}]},{"@type":"WebSite","@id":"https:\/\/sofia-today.com\/#website","url":"https:\/\/sofia-today.com\/","name":"Sofia-today.com","description":"","publisher":{"@id":"https:\/\/sofia-today.com\/#organization"},"potentialAction":[{"@type":"SearchAction","target":{"@type":"EntryPoint","urlTemplate":"https:\/\/sofia-today.com\/?s={search_term_string}"},"query-input":{"@type":"PropertyValueSpecification","valueRequired":true,"valueName":"search_term_string"}}],"inLanguage":"ro-RO"},{"@type":"Organization","@id":"https:\/\/sofia-today.com\/#organization","name":"Sofia-today.com","url":"https:\/\/sofia-today.com\/","logo":{"@type":"ImageObject","inLanguage":"ro-RO","@id":"https:\/\/sofia-today.com\/#\/schema\/logo\/image\/","url":"https:\/\/sofia-today.com\/wp-content\/uploads\/2026\/08\/sofia-Copy.png","contentUrl":"https:\/\/sofia-today.com\/wp-content\/uploads\/2026\/08\/sofia-Copy.png","width":332,"height":49,"caption":"Sofia-today.com"},"image":{"@id":"https:\/\/sofia-today.com\/#\/schema\/logo\/image\/"}},{"@type":"Person","@id":"https:\/\/sofia-today.com\/#\/schema\/person\/1c57218a6bbf3a960a388e047b2971d5","name":"admin","image":{"@type":"ImageObject","inLanguage":"ro-RO","@id":"https:\/\/secure.gravatar.com\/avatar\/d4bba4799a9e110700c455daf9fe3ed850eaa392a587d5fbe4531d21ca083c15?s=96&d=mm&r=g","url":"https:\/\/secure.gravatar.com\/avatar\/d4bba4799a9e110700c455daf9fe3ed850eaa392a587d5fbe4531d21ca083c15?s=96&d=mm&r=g","contentUrl":"https:\/\/secure.gravatar.com\/avatar\/d4bba4799a9e110700c455daf9fe3ed850eaa392a587d5fbe4531d21ca083c15?s=96&d=mm&r=g","caption":"admin"},"sameAs":["https:\/\/sofia-today.com"],"url":"https:\/\/sofia-today.com\/ro\/author\/blogadmin\/"}]}},"_links":{"self":[{"href":"https:\/\/sofia-today.com\/ro\/wp-json\/wp\/v2\/posts\/1961","targetHints":{"allow":["GET"]}}],"collection":[{"href":"https:\/\/sofia-today.com\/ro\/wp-json\/wp\/v2\/posts"}],"about":[{"href":"https:\/\/sofia-today.com\/ro\/wp-json\/wp\/v2\/types\/post"}],"author":[{"embeddable":true,"href":"https:\/\/sofia-today.com\/ro\/wp-json\/wp\/v2\/users\/1"}],"replies":[{"embeddable":true,"href":"https:\/\/sofia-today.com\/ro\/wp-json\/wp\/v2\/comments?post=1961"}],"version-history":[{"count":1,"href":"https:\/\/sofia-today.com\/ro\/wp-json\/wp\/v2\/posts\/1961\/revisions"}],"predecessor-version":[{"id":2132,"href":"https:\/\/sofia-today.com\/ro\/wp-json\/wp\/v2\/posts\/1961\/revisions\/2132"}],"wp:featuredmedia":[{"embeddable":true,"href":"https:\/\/sofia-today.com\/ro\/wp-json\/wp\/v2\/media\/1210"}],"wp:attachment":[{"href":"https:\/\/sofia-today.com\/ro\/wp-json\/wp\/v2\/media?parent=1961"}],"wp:term":[{"taxonomy":"category","embeddable":true,"href":"https:\/\/sofia-today.com\/ro\/wp-json\/wp\/v2\/categories?post=1961"},{"taxonomy":"post_tag","embeddable":true,"href":"https:\/\/sofia-today.com\/ro\/wp-json\/wp\/v2\/tags?post=1961"}],"curies":[{"name":"wp","href":"https:\/\/api.w.org\/{rel}","templated":true}]}}