{"id":1970,"date":"2014-01-30T09:08:42","date_gmt":"2014-01-30T07:08:42","guid":{"rendered":"https:\/\/sofia-today.com\/?p=1970"},"modified":"2026-08-21T11:19:40","modified_gmt":"2026-08-21T08:19:40","slug":"cu-ce-este-legata-sederea-in-sofia","status":"publish","type":"post","link":"https:\/\/sofia-today.com\/ro\/cu-ce-este-legata-sederea-in-sofia\/","title":{"rendered":"Cu ce este legat\u0103 \u0219ederea \u00een Sofia?"},"content":{"rendered":"\n<p class=\"wp-block-paragraph\">Ast\u0103zi, toat\u0103 lumea caut\u0103 o variant\u0103 mai ieftin\u0103 de cazare atunci c\u00e2nd este necesar s\u0103 c\u0103l\u0103toreasc\u0103 \u00een capital\u0103. Indiferent dac\u0103 este vorba de o \u0219edere la hotel \u00een Sofia pentru o misiune de serviciu, o \u00eent\u00e2lnire de afaceri, un seminar sau un eveniment \u00eentre prieteni, pre\u021burile sunt determinate de condi\u021bii \u0219i o serie de al\u021bi factori.<\/p>\n\n\n\n<p class=\"wp-block-paragraph\">O idee bun\u0103 este \u0219i cazarea \u00een apartamente din Sofia, din motive personale sau alte angajamente. Aceast\u0103 a doua op\u021biune este chiar mai practic\u0103 atunci c\u00e2nd suntem cu familia sau planific\u0103m o \u0219edere mai lung\u0103, care necesit\u0103 mai mult confort \u0219i libertate.<\/p>\n\n\n\n<p class=\"wp-block-paragraph\">Nu este un secret c\u0103 lucrurile de calitate cost\u0103 mai mult, dar \u00eentotdeauna se pot g\u0103si hoteluri \u0219i apartamente \u00een Sofia care ofer\u0103 pre\u021buri mai accesibile pentru buzunarul bulgar.<\/p>\n\n\n\n<p class=\"wp-block-paragraph\">La alegerea hotelului ideal \u00een Sofia, care s\u0103 corespund\u0103 tuturor criteriilor noastre, trebuie s\u0103 lu\u0103m \u00een considerare \u0219i scopul \u0219ederii. \u00cen multe cazuri, timpul petrecut \u00een capital\u0103 este ocupat cu \u00eent\u00e2lniri, seminarii, pr\u00e2nzuri \u2014 ceea ce ne \u021bine departe de confortul efectiv al hotelului.<\/p>\n\n\n\n<p class=\"wp-block-paragraph\">Din acest motiv, unele hoteluri ofer\u0103 pre\u021buri mai mici. Ele pun la dispozi\u021bie camere doar pentru \u00eennoptare, f\u0103r\u0103 multe facilit\u0103\u021bi suplimentare \u2014 o alegere potrivit\u0103 dac\u0103 nu inten\u021biona\u021bi s\u0103 petrece\u021bi mult timp \u00een interior.<\/p>\n\n\n\n<p class=\"wp-block-paragraph\">Exist\u0103, de asemenea, hoteluri mici de familie, ale c\u0103ror facilit\u0103\u021bi \u0219i confort nu sunt cu nimic mai prejos fa\u021b\u0103 de cele ale hotelurilor mari din Sofia. Acestea se afl\u0103 adesea pe str\u0103zi mai pu\u021bin vizibile, ceea ce reduce considerabil pre\u021bul pe noapte.<\/p>\n\n\n\n<p class=\"wp-block-paragraph\">Spa\u021biul online ofer\u0103 o bun\u0103 oportunitate de a g\u0103si hoteluri \u0219i apartamente potrivite \u00een Sofia. Prin introducerea unui cuv\u00e2nt-cheie sau a unei expresii, pot ap\u0103rea numeroase rezultate care s\u0103 u\u0219ureze c\u0103utarea.<\/p>\n\n\n\n<p class=\"wp-block-paragraph\">Un alt mod eficient de a alege corect un hotel sau apartament \u00een Sofia este consultarea unei agen\u021bii de turism. Angaja\u021bii acestor agen\u021bii sunt profesioni\u0219ti \u0219i, \u00een func\u021bie de nevoi, dorin\u021be, preferin\u021be, durata \u0219i scopul \u0219ederii, v\u0103 pot \u00eendruma c\u0103tre cea mai potrivit\u0103 op\u021biune de cazare.<\/p>\n","protected":false},"excerpt":{"rendered":"<p>Ast\u0103zi, toat\u0103 lumea caut\u0103 o variant\u0103 mai ieftin\u0103 de cazare atunci c\u00e2nd este necesar s\u0103 c\u0103l\u0103toreasc\u0103 \u00een capital\u0103. Indiferent dac\u0103 este vorba de o \u0219edere la hotel \u00een Sofia pentru o misiune de serviciu, o \u00eent\u00e2lnire de afaceri, un seminar sau un eveniment \u00eentre prieteni, pre\u021burile sunt determinate de condi\u021bii \u0219i o serie de al\u021bi [&hellip;]<\/p>\n","protected":false},"author":1,"featured_media":1194,"comment_status":"closed","ping_status":"closed","sticky":false,"template":"","format":"standard","meta":{"footnotes":""},"categories":[29,32],"tags":[],"class_list":["post-1970","post","type-post","status-publish","format-standard","has-post-thumbnail","hentry","category-atractii-turistice","category-atractii-turistice-in-sofia"],"yoast_head":"<!-- This site is optimized with the Yoast SEO plugin v28.3 - https:\/\/yoast.com\/product\/yoast-seo-wordpress\/ -->\n<title>Cu ce este legat\u0103 \u0219ederea \u00een Sofia? - Sofia-today.com<\/title>\n<meta name=\"robots\" content=\"index, follow, max-snippet:-1, max-image-preview:large, max-video-preview:-1\" \/>\n<link rel=\"canonical\" href=\"https:\/\/sofia-today.com\/ro\/cu-ce-este-legata-sederea-in-sofia\/\" \/>\n<meta property=\"og:locale\" content=\"ro_RO\" \/>\n<meta property=\"og:type\" content=\"article\" \/>\n<meta property=\"og:title\" content=\"Cu ce este legat\u0103 \u0219ederea \u00een Sofia? - Sofia-today.com\" \/>\n<meta property=\"og:description\" content=\"Ast\u0103zi, toat\u0103 lumea caut\u0103 o variant\u0103 mai ieftin\u0103 de cazare atunci c\u00e2nd este necesar s\u0103 c\u0103l\u0103toreasc\u0103 \u00een capital\u0103. Indiferent dac\u0103 este vorba de o \u0219edere la hotel \u00een Sofia pentru o misiune de serviciu, o \u00eent\u00e2lnire de afaceri, un seminar sau un eveniment \u00eentre prieteni, pre\u021burile sunt determinate de condi\u021bii \u0219i o serie de al\u021bi [&hellip;]\" \/>\n<meta property=\"og:url\" content=\"https:\/\/sofia-today.com\/ro\/cu-ce-este-legata-sederea-in-sofia\/\" \/>\n<meta property=\"og:site_name\" content=\"Sofia-today.com\" \/>\n<meta property=\"article:published_time\" content=\"2014-01-30T07:08:42+00:00\" \/>\n<meta property=\"article:modified_time\" content=\"2026-08-21T08:19:40+00:00\" \/>\n<meta property=\"og:image\" content=\"https:\/\/sofia-today.com\/wp-content\/uploads\/2014\/01\/3faacac1f9bff33514262d122de5de64-1.jpg\" \/>\n\t<meta property=\"og:image:width\" content=\"800\" \/>\n\t<meta property=\"og:image:height\" content=\"535\" \/>\n\t<meta property=\"og:image:type\" content=\"image\/jpeg\" \/>\n<meta name=\"author\" content=\"admin\" \/>\n<meta name=\"twitter:card\" content=\"summary_large_image\" \/>\n<meta name=\"twitter:label1\" content=\"Scris de\" \/>\n\t<meta name=\"twitter:data1\" content=\"admin\" \/>\n\t<meta name=\"twitter:label2\" content=\"Timp estimat pentru citire\" \/>\n\t<meta name=\"twitter:data2\" content=\"2 minute\" \/>\n<script type=\"application\/ld+json\" class=\"yoast-schema-graph\">{\"@context\":\"https:\\\/\\\/schema.org\",\"@graph\":[{\"@type\":\"Article\",\"@id\":\"https:\\\/\\\/sofia-today.com\\\/ro\\\/cu-ce-este-legata-sederea-in-sofia\\\/#article\",\"isPartOf\":{\"@id\":\"https:\\\/\\\/sofia-today.com\\\/ro\\\/cu-ce-este-legata-sederea-in-sofia\\\/\"},\"author\":{\"name\":\"admin\",\"@id\":\"https:\\\/\\\/sofia-today.com\\\/#\\\/schema\\\/person\\\/1c57218a6bbf3a960a388e047b2971d5\"},\"headline\":\"Cu ce este legat\u0103 \u0219ederea \u00een Sofia?\",\"datePublished\":\"2014-01-30T07:08:42+00:00\",\"dateModified\":\"2026-08-21T08:19:40+00:00\",\"mainEntityOfPage\":{\"@id\":\"https:\\\/\\\/sofia-today.com\\\/ro\\\/cu-ce-este-legata-sederea-in-sofia\\\/\"},\"wordCount\":372,\"publisher\":{\"@id\":\"https:\\\/\\\/sofia-today.com\\\/#organization\"},\"image\":{\"@id\":\"https:\\\/\\\/sofia-today.com\\\/ro\\\/cu-ce-este-legata-sederea-in-sofia\\\/#primaryimage\"},\"thumbnailUrl\":\"https:\\\/\\\/sofia-today.com\\\/wp-content\\\/uploads\\\/2014\\\/01\\\/3faacac1f9bff33514262d122de5de64-1.jpg\",\"articleSection\":[\"Atrac\u0163ii\",\"Atrac\u0163ii turistice \u00een Sofia\"],\"inLanguage\":\"ro-RO\"},{\"@type\":\"WebPage\",\"@id\":\"https:\\\/\\\/sofia-today.com\\\/ro\\\/cu-ce-este-legata-sederea-in-sofia\\\/\",\"url\":\"https:\\\/\\\/sofia-today.com\\\/ro\\\/cu-ce-este-legata-sederea-in-sofia\\\/\",\"name\":\"Cu ce este legat\u0103 \u0219ederea \u00een Sofia? - Sofia-today.com\",\"isPartOf\":{\"@id\":\"https:\\\/\\\/sofia-today.com\\\/#website\"},\"primaryImageOfPage\":{\"@id\":\"https:\\\/\\\/sofia-today.com\\\/ro\\\/cu-ce-este-legata-sederea-in-sofia\\\/#primaryimage\"},\"image\":{\"@id\":\"https:\\\/\\\/sofia-today.com\\\/ro\\\/cu-ce-este-legata-sederea-in-sofia\\\/#primaryimage\"},\"thumbnailUrl\":\"https:\\\/\\\/sofia-today.com\\\/wp-content\\\/uploads\\\/2014\\\/01\\\/3faacac1f9bff33514262d122de5de64-1.jpg\",\"datePublished\":\"2014-01-30T07:08:42+00:00\",\"dateModified\":\"2026-08-21T08:19:40+00:00\",\"breadcrumb\":{\"@id\":\"https:\\\/\\\/sofia-today.com\\\/ro\\\/cu-ce-este-legata-sederea-in-sofia\\\/#breadcrumb\"},\"inLanguage\":\"ro-RO\",\"potentialAction\":[{\"@type\":\"ReadAction\",\"target\":[\"https:\\\/\\\/sofia-today.com\\\/ro\\\/cu-ce-este-legata-sederea-in-sofia\\\/\"]}]},{\"@type\":\"ImageObject\",\"inLanguage\":\"ro-RO\",\"@id\":\"https:\\\/\\\/sofia-today.com\\\/ro\\\/cu-ce-este-legata-sederea-in-sofia\\\/#primaryimage\",\"url\":\"https:\\\/\\\/sofia-today.com\\\/wp-content\\\/uploads\\\/2014\\\/01\\\/3faacac1f9bff33514262d122de5de64-1.jpg\",\"contentUrl\":\"https:\\\/\\\/sofia-today.com\\\/wp-content\\\/uploads\\\/2014\\\/01\\\/3faacac1f9bff33514262d122de5de64-1.jpg\",\"width\":800,\"height\":535,\"caption\":\"\u0441\u0433\u0440\u0430\u0434\u0430 \u0432 \u0446\u0435\u043d\u0442\u044a\u0440\u0430 \u043d\u0430 \u0421\u043e\u0444\u0438\u044f\"},{\"@type\":\"BreadcrumbList\",\"@id\":\"https:\\\/\\\/sofia-today.com\\\/ro\\\/cu-ce-este-legata-sederea-in-sofia\\\/#breadcrumb\",\"itemListElement\":[{\"@type\":\"ListItem\",\"position\":1,\"name\":\"Pagina principala\",\"item\":\"https:\\\/\\\/sofia-today.com\\\/\"},{\"@type\":\"ListItem\",\"position\":2,\"name\":\"Cu ce este legat\u0103 \u0219ederea \u00een Sofia?\"}]},{\"@type\":\"WebSite\",\"@id\":\"https:\\\/\\\/sofia-today.com\\\/#website\",\"url\":\"https:\\\/\\\/sofia-today.com\\\/\",\"name\":\"Sofia-today.com\",\"description\":\"\",\"publisher\":{\"@id\":\"https:\\\/\\\/sofia-today.com\\\/#organization\"},\"potentialAction\":[{\"@type\":\"SearchAction\",\"target\":{\"@type\":\"EntryPoint\",\"urlTemplate\":\"https:\\\/\\\/sofia-today.com\\\/?s={search_term_string}\"},\"query-input\":{\"@type\":\"PropertyValueSpecification\",\"valueRequired\":true,\"valueName\":\"search_term_string\"}}],\"inLanguage\":\"ro-RO\"},{\"@type\":\"Organization\",\"@id\":\"https:\\\/\\\/sofia-today.com\\\/#organization\",\"name\":\"Sofia-today.com\",\"url\":\"https:\\\/\\\/sofia-today.com\\\/\",\"logo\":{\"@type\":\"ImageObject\",\"inLanguage\":\"ro-RO\",\"@id\":\"https:\\\/\\\/sofia-today.com\\\/#\\\/schema\\\/logo\\\/image\\\/\",\"url\":\"https:\\\/\\\/sofia-today.com\\\/wp-content\\\/uploads\\\/2026\\\/08\\\/sofia-Copy.png\",\"contentUrl\":\"https:\\\/\\\/sofia-today.com\\\/wp-content\\\/uploads\\\/2026\\\/08\\\/sofia-Copy.png\",\"width\":332,\"height\":49,\"caption\":\"Sofia-today.com\"},\"image\":{\"@id\":\"https:\\\/\\\/sofia-today.com\\\/#\\\/schema\\\/logo\\\/image\\\/\"}},{\"@type\":\"Person\",\"@id\":\"https:\\\/\\\/sofia-today.com\\\/#\\\/schema\\\/person\\\/1c57218a6bbf3a960a388e047b2971d5\",\"name\":\"admin\",\"image\":{\"@type\":\"ImageObject\",\"inLanguage\":\"ro-RO\",\"@id\":\"https:\\\/\\\/secure.gravatar.com\\\/avatar\\\/d4bba4799a9e110700c455daf9fe3ed850eaa392a587d5fbe4531d21ca083c15?s=96&d=mm&r=g\",\"url\":\"https:\\\/\\\/secure.gravatar.com\\\/avatar\\\/d4bba4799a9e110700c455daf9fe3ed850eaa392a587d5fbe4531d21ca083c15?s=96&d=mm&r=g\",\"contentUrl\":\"https:\\\/\\\/secure.gravatar.com\\\/avatar\\\/d4bba4799a9e110700c455daf9fe3ed850eaa392a587d5fbe4531d21ca083c15?s=96&d=mm&r=g\",\"caption\":\"admin\"},\"sameAs\":[\"https:\\\/\\\/sofia-today.com\"],\"url\":\"https:\\\/\\\/sofia-today.com\\\/ro\\\/author\\\/blogadmin\\\/\"}]}<\/script>\n<!-- \/ Yoast SEO plugin. -->","yoast_head_json":{"title":"Cu ce este legat\u0103 \u0219ederea \u00een Sofia? - Sofia-today.com","robots":{"index":"index","follow":"follow","max-snippet":"max-snippet:-1","max-image-preview":"max-image-preview:large","max-video-preview":"max-video-preview:-1"},"canonical":"https:\/\/sofia-today.com\/ro\/cu-ce-este-legata-sederea-in-sofia\/","og_locale":"ro_RO","og_type":"article","og_title":"Cu ce este legat\u0103 \u0219ederea \u00een Sofia? - Sofia-today.com","og_description":"Ast\u0103zi, toat\u0103 lumea caut\u0103 o variant\u0103 mai ieftin\u0103 de cazare atunci c\u00e2nd este necesar s\u0103 c\u0103l\u0103toreasc\u0103 \u00een capital\u0103. Indiferent dac\u0103 este vorba de o \u0219edere la hotel \u00een Sofia pentru o misiune de serviciu, o \u00eent\u00e2lnire de afaceri, un seminar sau un eveniment \u00eentre prieteni, pre\u021burile sunt determinate de condi\u021bii \u0219i o serie de al\u021bi [&hellip;]","og_url":"https:\/\/sofia-today.com\/ro\/cu-ce-este-legata-sederea-in-sofia\/","og_site_name":"Sofia-today.com","article_published_time":"2014-01-30T07:08:42+00:00","article_modified_time":"2026-08-21T08:19:40+00:00","og_image":[{"width":800,"height":535,"url":"https:\/\/sofia-today.com\/wp-content\/uploads\/2014\/01\/3faacac1f9bff33514262d122de5de64-1.jpg","type":"image\/jpeg"}],"author":"admin","twitter_card":"summary_large_image","twitter_misc":{"Scris de":"admin","Timp estimat pentru citire":"2 minute"},"schema":{"@context":"https:\/\/schema.org","@graph":[{"@type":"Article","@id":"https:\/\/sofia-today.com\/ro\/cu-ce-este-legata-sederea-in-sofia\/#article","isPartOf":{"@id":"https:\/\/sofia-today.com\/ro\/cu-ce-este-legata-sederea-in-sofia\/"},"author":{"name":"admin","@id":"https:\/\/sofia-today.com\/#\/schema\/person\/1c57218a6bbf3a960a388e047b2971d5"},"headline":"Cu ce este legat\u0103 \u0219ederea \u00een Sofia?","datePublished":"2014-01-30T07:08:42+00:00","dateModified":"2026-08-21T08:19:40+00:00","mainEntityOfPage":{"@id":"https:\/\/sofia-today.com\/ro\/cu-ce-este-legata-sederea-in-sofia\/"},"wordCount":372,"publisher":{"@id":"https:\/\/sofia-today.com\/#organization"},"image":{"@id":"https:\/\/sofia-today.com\/ro\/cu-ce-este-legata-sederea-in-sofia\/#primaryimage"},"thumbnailUrl":"https:\/\/sofia-today.com\/wp-content\/uploads\/2014\/01\/3faacac1f9bff33514262d122de5de64-1.jpg","articleSection":["Atrac\u0163ii","Atrac\u0163ii turistice \u00een Sofia"],"inLanguage":"ro-RO"},{"@type":"WebPage","@id":"https:\/\/sofia-today.com\/ro\/cu-ce-este-legata-sederea-in-sofia\/","url":"https:\/\/sofia-today.com\/ro\/cu-ce-este-legata-sederea-in-sofia\/","name":"Cu ce este legat\u0103 \u0219ederea \u00een Sofia? - Sofia-today.com","isPartOf":{"@id":"https:\/\/sofia-today.com\/#website"},"primaryImageOfPage":{"@id":"https:\/\/sofia-today.com\/ro\/cu-ce-este-legata-sederea-in-sofia\/#primaryimage"},"image":{"@id":"https:\/\/sofia-today.com\/ro\/cu-ce-este-legata-sederea-in-sofia\/#primaryimage"},"thumbnailUrl":"https:\/\/sofia-today.com\/wp-content\/uploads\/2014\/01\/3faacac1f9bff33514262d122de5de64-1.jpg","datePublished":"2014-01-30T07:08:42+00:00","dateModified":"2026-08-21T08:19:40+00:00","breadcrumb":{"@id":"https:\/\/sofia-today.com\/ro\/cu-ce-este-legata-sederea-in-sofia\/#breadcrumb"},"inLanguage":"ro-RO","potentialAction":[{"@type":"ReadAction","target":["https:\/\/sofia-today.com\/ro\/cu-ce-este-legata-sederea-in-sofia\/"]}]},{"@type":"ImageObject","inLanguage":"ro-RO","@id":"https:\/\/sofia-today.com\/ro\/cu-ce-este-legata-sederea-in-sofia\/#primaryimage","url":"https:\/\/sofia-today.com\/wp-content\/uploads\/2014\/01\/3faacac1f9bff33514262d122de5de64-1.jpg","contentUrl":"https:\/\/sofia-today.com\/wp-content\/uploads\/2014\/01\/3faacac1f9bff33514262d122de5de64-1.jpg","width":800,"height":535,"caption":"\u0441\u0433\u0440\u0430\u0434\u0430 \u0432 \u0446\u0435\u043d\u0442\u044a\u0440\u0430 \u043d\u0430 \u0421\u043e\u0444\u0438\u044f"},{"@type":"BreadcrumbList","@id":"https:\/\/sofia-today.com\/ro\/cu-ce-este-legata-sederea-in-sofia\/#breadcrumb","itemListElement":[{"@type":"ListItem","position":1,"name":"Pagina principala","item":"https:\/\/sofia-today.com\/"},{"@type":"ListItem","position":2,"name":"Cu ce este legat\u0103 \u0219ederea \u00een Sofia?"}]},{"@type":"WebSite","@id":"https:\/\/sofia-today.com\/#website","url":"https:\/\/sofia-today.com\/","name":"Sofia-today.com","description":"","publisher":{"@id":"https:\/\/sofia-today.com\/#organization"},"potentialAction":[{"@type":"SearchAction","target":{"@type":"EntryPoint","urlTemplate":"https:\/\/sofia-today.com\/?s={search_term_string}"},"query-input":{"@type":"PropertyValueSpecification","valueRequired":true,"valueName":"search_term_string"}}],"inLanguage":"ro-RO"},{"@type":"Organization","@id":"https:\/\/sofia-today.com\/#organization","name":"Sofia-today.com","url":"https:\/\/sofia-today.com\/","logo":{"@type":"ImageObject","inLanguage":"ro-RO","@id":"https:\/\/sofia-today.com\/#\/schema\/logo\/image\/","url":"https:\/\/sofia-today.com\/wp-content\/uploads\/2026\/08\/sofia-Copy.png","contentUrl":"https:\/\/sofia-today.com\/wp-content\/uploads\/2026\/08\/sofia-Copy.png","width":332,"height":49,"caption":"Sofia-today.com"},"image":{"@id":"https:\/\/sofia-today.com\/#\/schema\/logo\/image\/"}},{"@type":"Person","@id":"https:\/\/sofia-today.com\/#\/schema\/person\/1c57218a6bbf3a960a388e047b2971d5","name":"admin","image":{"@type":"ImageObject","inLanguage":"ro-RO","@id":"https:\/\/secure.gravatar.com\/avatar\/d4bba4799a9e110700c455daf9fe3ed850eaa392a587d5fbe4531d21ca083c15?s=96&d=mm&r=g","url":"https:\/\/secure.gravatar.com\/avatar\/d4bba4799a9e110700c455daf9fe3ed850eaa392a587d5fbe4531d21ca083c15?s=96&d=mm&r=g","contentUrl":"https:\/\/secure.gravatar.com\/avatar\/d4bba4799a9e110700c455daf9fe3ed850eaa392a587d5fbe4531d21ca083c15?s=96&d=mm&r=g","caption":"admin"},"sameAs":["https:\/\/sofia-today.com"],"url":"https:\/\/sofia-today.com\/ro\/author\/blogadmin\/"}]}},"_links":{"self":[{"href":"https:\/\/sofia-today.com\/ro\/wp-json\/wp\/v2\/posts\/1970","targetHints":{"allow":["GET"]}}],"collection":[{"href":"https:\/\/sofia-today.com\/ro\/wp-json\/wp\/v2\/posts"}],"about":[{"href":"https:\/\/sofia-today.com\/ro\/wp-json\/wp\/v2\/types\/post"}],"author":[{"embeddable":true,"href":"https:\/\/sofia-today.com\/ro\/wp-json\/wp\/v2\/users\/1"}],"replies":[{"embeddable":true,"href":"https:\/\/sofia-today.com\/ro\/wp-json\/wp\/v2\/comments?post=1970"}],"version-history":[{"count":1,"href":"https:\/\/sofia-today.com\/ro\/wp-json\/wp\/v2\/posts\/1970\/revisions"}],"predecessor-version":[{"id":2137,"href":"https:\/\/sofia-today.com\/ro\/wp-json\/wp\/v2\/posts\/1970\/revisions\/2137"}],"wp:featuredmedia":[{"embeddable":true,"href":"https:\/\/sofia-today.com\/ro\/wp-json\/wp\/v2\/media\/1194"}],"wp:attachment":[{"href":"https:\/\/sofia-today.com\/ro\/wp-json\/wp\/v2\/media?parent=1970"}],"wp:term":[{"taxonomy":"category","embeddable":true,"href":"https:\/\/sofia-today.com\/ro\/wp-json\/wp\/v2\/categories?post=1970"},{"taxonomy":"post_tag","embeddable":true,"href":"https:\/\/sofia-today.com\/ro\/wp-json\/wp\/v2\/tags?post=1970"}],"curies":[{"name":"wp","href":"https:\/\/api.w.org\/{rel}","templated":true}]}}