{"id":1999,"date":"2024-07-05T16:01:35","date_gmt":"2024-07-05T13:01:35","guid":{"rendered":"https:\/\/sofia-today.com\/?p=1999"},"modified":"2026-08-21T11:18:20","modified_gmt":"2026-08-21T08:18:20","slug":"4-lucruri-pe-care-calatorie-de-afaceri","status":"publish","type":"post","link":"https:\/\/sofia-today.com\/ro\/4-lucruri-pe-care-calatorie-de-afaceri\/","title":{"rendered":"4 lucruri pe care s\u0103 le iei cu tine \u00eentr-o c\u0103l\u0103torie de afaceri"},"content":{"rendered":"\n<p class=\"wp-block-paragraph\">C\u0103l\u0103toriile \u00een interes de serviciu sunt \u00eentotdeauna captivante, deoarece aduc un plus de culoare \u0219i diversitate \u00een rutina de lucru, uneori monoton\u0103. Schimbarea mediului are un efect inspira\u021bional asupra noastr\u0103 \u0219i face munca mai pl\u0103cut\u0103. De obicei, c\u0103l\u0103toriile de afaceri nu sunt de lung\u0103 durat\u0103, dar asta nu \u00eenseamn\u0103 c\u0103 nu le putem savura la maximum. \u00cen articolul de azi \u021bi-am preg\u0103tit o list\u0103 cu lucruri esen\u021biale pe care s\u0103 nu le ui\u021bi \u00een bagajul t\u0103u pentru urm\u0103toarea delega\u021bie.<\/p>\n\n\n\n<p class=\"wp-block-paragraph\"><strong>Documente<\/strong><\/p>\n\n\n\n<p class=\"wp-block-paragraph\">Nu este neap\u0103rat nevoie s\u0103 le men\u021bion\u0103m, dar o facem totu\u0219i, pentru c\u0103 \u00een timpul c\u0103l\u0103toriilor te po\u021bi confrunta cu tot felul de situa\u021bii. Asigur\u0103-te c\u0103 ai preg\u0103tit cartea de identitate, permisul de conducere sau un alt document de identificare. Dac\u0103 c\u0103l\u0103tore\u0219ti cu ma\u0219ina, verific\u0103 dac\u0103 toate actele vehiculului sunt \u00een regul\u0103 \u0219i la \u00eendem\u00e2n\u0103. \u00ce\u021bi recomand\u0103m s\u0103 \u00ee\u021bi p\u0103strezi documentele \u00eentr-un loc sigur \u0219i separat unele de altele, pentru a evita pierderea lor simultan\u0103.<\/p>\n\n\n\n<p class=\"wp-block-paragraph\"><strong>Medicamente<\/strong><\/p>\n\n\n\n<p class=\"wp-block-paragraph\">Nimeni nu \u00ee\u0219i dore\u0219te s\u0103-\u0219i petreac\u0103 c\u0103l\u0103toria \u00een pat, fie ea de afaceri sau de agrement. Atunci c\u00e2nd prezen\u021ba ta, concentrarea \u0219i disponibilitatea pentru munc\u0103 sunt esen\u021biale pentru succesul \u0219i scopurile delega\u021biei, trebuie s\u0103 te sim\u021bi bine. Ia cu tine medicamentele de baz\u0103, iar dac\u0103 suferi de o afec\u021biune cronic\u0103, asigur\u0103-te c\u0103 ai tot ce \u00ee\u021bi trebuie. E bine s\u0103 ai \u0219i antihistaminice, spray \u00eempotriva insectelor \u0219i altele asemenea, pentru a-\u021bi asigura confortul deplin.<\/p>\n\n\n\n<p class=\"wp-block-paragraph\"><strong>Electronice<\/strong><\/p>\n\n\n\n<p class=\"wp-block-paragraph\">C\u0103l\u0103toriile de afaceri cer o preg\u0103tire impecabil\u0103, mai ales c\u00e2nd vine vorba de electronice. Laptop, telefon, memorie extern\u0103 \u0219i toate tipurile de \u00eenc\u0103rc\u0103toare sunt primele obiecte pe care ar trebui s\u0103 le \u00eempachetezi. Chiar dac\u0103 ajung pe fundul valizei, \u00ee\u021bi recomand\u0103m s\u0103 incluzi cel pu\u021bin un \u00eenc\u0103rc\u0103tor de rezerv\u0103 \u2014 va fi de mare folos. Preg\u0103tindu-\u021bi dispozitivele electronice, \u00ee\u021bi asiguri o c\u0103l\u0103torie lini\u0219tit\u0103, f\u0103r\u0103 situa\u021bii st\u00e2njenitoare.<\/p>\n\n\n\n<p class=\"wp-block-paragraph\"><strong>Haine \u0219i \u00eenc\u0103l\u021b\u0103minte<\/strong><\/p>\n\n\n\n<p class=\"wp-block-paragraph\">C\u00e2nd spunem \u201ebagaj\u201d, ne g\u00e2ndim \u00een primul r\u00e2nd la haine. Av\u00e2nd \u00een vedere scopul c\u0103l\u0103toriei, ia cu tine \u021binute formale potrivite evenimentului. \u021aine cont de durata \u0219ederii, dress code-ul \u00eent\u00e2lnirii (dac\u0103 este cazul), dar \u0219i de condi\u021biile meteo. P\u00e2n\u0103 la urm\u0103, prima impresie conteaz\u0103. Nu uita s\u0103 iei \u0219i o pereche de pantofi de rezerv\u0103, potrivi\u021bi pentru orice ocazie.<\/p>\n\n\n\n<p class=\"wp-block-paragraph\"><strong>Locul ideal pentru evenimentul t\u0103u de afaceri \u2013 Aqua Hotel din Varna<\/strong><\/p>\n\n\n\n<p class=\"wp-block-paragraph\">A\u0219a cum am men\u021bionat, delega\u021biile aduc diversitate \u00een activitatea profesional\u0103. Dar ce p\u0103rere ai dac\u0103 aceast\u0103 diversitate ar fi \u00eenso\u021bit\u0103 \u0219i de briza m\u0103rii? Oh, da! Avem locul perfect pentru urm\u0103torul t\u0103u eveniment de afaceri. Aqua Varna este un hotel business situat \u00een Varna, care ofer\u0103 cazare confortabil\u0103, servicii primitoare \u0219i 6 s\u0103li de conferin\u021be cu capacit\u0103\u021bi diferite. Po\u021bi alege \u00een func\u021bie de nevoile \u0219i a\u0219tept\u0103rile tale. Gazdele se vor asigura c\u0103 \u0219ederea ta \u00een capitala m\u0103rii decurge perfect.<\/p>\n\n\n\n<p class=\"wp-block-paragraph\"><strong>Pentru cei care vor s\u0103 se simt\u0103 ca acas\u0103 \u2013 Relax in Varna Apartments<\/strong><\/p>\n\n\n\n<p class=\"wp-block-paragraph\">Varna pune la dispozi\u021bie numeroase <a href=\"https:\/\/relaxinvarna.com\/ro\/\">apartamente pentru cazare Varna<\/a>, ideale pentru cei care doresc s\u0103 se simt\u0103 ca acas\u0103 chiar \u0219i departe de locuin\u021ba lor. Spa\u021bioase, confortabile \u0219i complet echipate, apartamentele Relax in Varna sunt op\u021biunea ideal\u0103 pentru \u0219edere. Sunt situate \u00een loca\u021bii diverse \u2014 unele \u00een centrul ora\u0219ului, altele \u00een cartiere mai lini\u0219tite \u0219i relaxante, iar altele aproape de mare.<\/p>\n","protected":false},"excerpt":{"rendered":"<p>C\u0103l\u0103toriile \u00een interes de serviciu sunt \u00eentotdeauna captivante, deoarece aduc un plus de culoare \u0219i diversitate \u00een rutina de lucru, uneori monoton\u0103. Schimbarea mediului are un efect inspira\u021bional asupra noastr\u0103 \u0219i face munca mai pl\u0103cut\u0103. De obicei, c\u0103l\u0103toriile de afaceri nu sunt de lung\u0103 durat\u0103, dar asta nu \u00eenseamn\u0103 c\u0103 nu le putem savura la [&hellip;]<\/p>\n","protected":false},"author":1,"featured_media":1843,"comment_status":"closed","ping_status":"closed","sticky":false,"template":"","format":"standard","meta":{"footnotes":""},"categories":[17],"tags":[],"class_list":["post-1999","post","type-post","status-publish","format-standard","has-post-thumbnail","hentry","category-alatii"],"yoast_head":"<!-- This site is optimized with the Yoast SEO plugin v28.3 - https:\/\/yoast.com\/product\/yoast-seo-wordpress\/ -->\n<title>4 lucruri pe care s\u0103 le iei cu tine \u00eentr-o c\u0103l\u0103torie de afaceri<\/title>\n<meta name=\"description\" content=\"Vezi ce nu trebuie s\u0103 lipseasc\u0103 din bagajul t\u0103u dac\u0103 urmeaz\u0103 s\u0103 pleci \u00eentr-o delega\u021bie. \u00ce\u021bi recomand\u0103m \u0219i un hotel din Varna, ideal pentru cazare.\" \/>\n<meta name=\"robots\" content=\"index, follow, max-snippet:-1, max-image-preview:large, max-video-preview:-1\" \/>\n<link rel=\"canonical\" href=\"https:\/\/sofia-today.com\/ro\/4-lucruri-pe-care-calatorie-de-afaceri\/\" \/>\n<meta property=\"og:locale\" content=\"ro_RO\" \/>\n<meta property=\"og:type\" content=\"article\" \/>\n<meta property=\"og:title\" content=\"4 lucruri pe care s\u0103 le iei cu tine \u00eentr-o c\u0103l\u0103torie de afaceri\" \/>\n<meta property=\"og:description\" content=\"Vezi ce nu trebuie s\u0103 lipseasc\u0103 din bagajul t\u0103u dac\u0103 urmeaz\u0103 s\u0103 pleci \u00eentr-o delega\u021bie. \u00ce\u021bi recomand\u0103m \u0219i un hotel din Varna, ideal pentru cazare.\" \/>\n<meta property=\"og:url\" content=\"https:\/\/sofia-today.com\/ro\/4-lucruri-pe-care-calatorie-de-afaceri\/\" \/>\n<meta property=\"og:site_name\" content=\"Sofia-today.com\" \/>\n<meta property=\"article:published_time\" content=\"2024-07-05T13:01:35+00:00\" \/>\n<meta property=\"article:modified_time\" content=\"2026-08-21T08:18:20+00:00\" \/>\n<meta property=\"og:image\" content=\"https:\/\/sofia-today.com\/wp-content\/uploads\/2024\/07\/\u0410\u043a\u0432\u0430-\u0425\u043e\u0442\u0435\u043b-\u0432\u044a\u0432-\u0412\u0430\u0440\u043d\u0430.jpg\" \/>\n\t<meta property=\"og:image:width\" content=\"1920\" \/>\n\t<meta property=\"og:image:height\" content=\"1080\" \/>\n\t<meta property=\"og:image:type\" content=\"image\/jpeg\" \/>\n<meta name=\"author\" content=\"admin\" \/>\n<meta name=\"twitter:card\" content=\"summary_large_image\" \/>\n<meta name=\"twitter:label1\" content=\"Scris de\" \/>\n\t<meta name=\"twitter:data1\" content=\"admin\" \/>\n\t<meta name=\"twitter:label2\" content=\"Timp estimat pentru citire\" \/>\n\t<meta name=\"twitter:data2\" content=\"3 minute\" \/>\n<script type=\"application\/ld+json\" class=\"yoast-schema-graph\">{\"@context\":\"https:\\\/\\\/schema.org\",\"@graph\":[{\"@type\":\"Article\",\"@id\":\"https:\\\/\\\/sofia-today.com\\\/ro\\\/4-lucruri-pe-care-calatorie-de-afaceri\\\/#article\",\"isPartOf\":{\"@id\":\"https:\\\/\\\/sofia-today.com\\\/ro\\\/4-lucruri-pe-care-calatorie-de-afaceri\\\/\"},\"author\":{\"name\":\"admin\",\"@id\":\"https:\\\/\\\/sofia-today.com\\\/#\\\/schema\\\/person\\\/1c57218a6bbf3a960a388e047b2971d5\"},\"headline\":\"4 lucruri pe care s\u0103 le iei cu tine \u00eentr-o c\u0103l\u0103torie de afaceri\",\"datePublished\":\"2024-07-05T13:01:35+00:00\",\"dateModified\":\"2026-08-21T08:18:20+00:00\",\"mainEntityOfPage\":{\"@id\":\"https:\\\/\\\/sofia-today.com\\\/ro\\\/4-lucruri-pe-care-calatorie-de-afaceri\\\/\"},\"wordCount\":630,\"publisher\":{\"@id\":\"https:\\\/\\\/sofia-today.com\\\/#organization\"},\"image\":{\"@id\":\"https:\\\/\\\/sofia-today.com\\\/ro\\\/4-lucruri-pe-care-calatorie-de-afaceri\\\/#primaryimage\"},\"thumbnailUrl\":\"https:\\\/\\\/sofia-today.com\\\/wp-content\\\/uploads\\\/2024\\\/07\\\/\u0410\u043a\u0432\u0430-\u0425\u043e\u0442\u0435\u043b-\u0432\u044a\u0432-\u0412\u0430\u0440\u043d\u0430.jpg\",\"articleSection\":[\"Alal\u021bii\"],\"inLanguage\":\"ro-RO\"},{\"@type\":\"WebPage\",\"@id\":\"https:\\\/\\\/sofia-today.com\\\/ro\\\/4-lucruri-pe-care-calatorie-de-afaceri\\\/\",\"url\":\"https:\\\/\\\/sofia-today.com\\\/ro\\\/4-lucruri-pe-care-calatorie-de-afaceri\\\/\",\"name\":\"4 lucruri pe care s\u0103 le iei cu tine \u00eentr-o c\u0103l\u0103torie de afaceri\",\"isPartOf\":{\"@id\":\"https:\\\/\\\/sofia-today.com\\\/#website\"},\"primaryImageOfPage\":{\"@id\":\"https:\\\/\\\/sofia-today.com\\\/ro\\\/4-lucruri-pe-care-calatorie-de-afaceri\\\/#primaryimage\"},\"image\":{\"@id\":\"https:\\\/\\\/sofia-today.com\\\/ro\\\/4-lucruri-pe-care-calatorie-de-afaceri\\\/#primaryimage\"},\"thumbnailUrl\":\"https:\\\/\\\/sofia-today.com\\\/wp-content\\\/uploads\\\/2024\\\/07\\\/\u0410\u043a\u0432\u0430-\u0425\u043e\u0442\u0435\u043b-\u0432\u044a\u0432-\u0412\u0430\u0440\u043d\u0430.jpg\",\"datePublished\":\"2024-07-05T13:01:35+00:00\",\"dateModified\":\"2026-08-21T08:18:20+00:00\",\"description\":\"Vezi ce nu trebuie s\u0103 lipseasc\u0103 din bagajul t\u0103u dac\u0103 urmeaz\u0103 s\u0103 pleci \u00eentr-o delega\u021bie. \u00ce\u021bi recomand\u0103m \u0219i un hotel din Varna, ideal pentru cazare.\",\"breadcrumb\":{\"@id\":\"https:\\\/\\\/sofia-today.com\\\/ro\\\/4-lucruri-pe-care-calatorie-de-afaceri\\\/#breadcrumb\"},\"inLanguage\":\"ro-RO\",\"potentialAction\":[{\"@type\":\"ReadAction\",\"target\":[\"https:\\\/\\\/sofia-today.com\\\/ro\\\/4-lucruri-pe-care-calatorie-de-afaceri\\\/\"]}]},{\"@type\":\"ImageObject\",\"inLanguage\":\"ro-RO\",\"@id\":\"https:\\\/\\\/sofia-today.com\\\/ro\\\/4-lucruri-pe-care-calatorie-de-afaceri\\\/#primaryimage\",\"url\":\"https:\\\/\\\/sofia-today.com\\\/wp-content\\\/uploads\\\/2024\\\/07\\\/\u0410\u043a\u0432\u0430-\u0425\u043e\u0442\u0435\u043b-\u0432\u044a\u0432-\u0412\u0430\u0440\u043d\u0430.jpg\",\"contentUrl\":\"https:\\\/\\\/sofia-today.com\\\/wp-content\\\/uploads\\\/2024\\\/07\\\/\u0410\u043a\u0432\u0430-\u0425\u043e\u0442\u0435\u043b-\u0432\u044a\u0432-\u0412\u0430\u0440\u043d\u0430.jpg\",\"width\":1920,\"height\":1080,\"caption\":\"\u0410\u043a\u0432\u0430 \u0425\u043e\u0442\u0435\u043b \u0432\u044a\u0432 \u0412\u0430\u0440\u043d\u0430\"},{\"@type\":\"BreadcrumbList\",\"@id\":\"https:\\\/\\\/sofia-today.com\\\/ro\\\/4-lucruri-pe-care-calatorie-de-afaceri\\\/#breadcrumb\",\"itemListElement\":[{\"@type\":\"ListItem\",\"position\":1,\"name\":\"Pagina principala\",\"item\":\"https:\\\/\\\/sofia-today.com\\\/\"},{\"@type\":\"ListItem\",\"position\":2,\"name\":\"4 lucruri pe care s\u0103 le iei cu tine \u00eentr-o c\u0103l\u0103torie de afaceri\"}]},{\"@type\":\"WebSite\",\"@id\":\"https:\\\/\\\/sofia-today.com\\\/#website\",\"url\":\"https:\\\/\\\/sofia-today.com\\\/\",\"name\":\"Sofia-today.com\",\"description\":\"\",\"publisher\":{\"@id\":\"https:\\\/\\\/sofia-today.com\\\/#organization\"},\"potentialAction\":[{\"@type\":\"SearchAction\",\"target\":{\"@type\":\"EntryPoint\",\"urlTemplate\":\"https:\\\/\\\/sofia-today.com\\\/?s={search_term_string}\"},\"query-input\":{\"@type\":\"PropertyValueSpecification\",\"valueRequired\":true,\"valueName\":\"search_term_string\"}}],\"inLanguage\":\"ro-RO\"},{\"@type\":\"Organization\",\"@id\":\"https:\\\/\\\/sofia-today.com\\\/#organization\",\"name\":\"Sofia-today.com\",\"url\":\"https:\\\/\\\/sofia-today.com\\\/\",\"logo\":{\"@type\":\"ImageObject\",\"inLanguage\":\"ro-RO\",\"@id\":\"https:\\\/\\\/sofia-today.com\\\/#\\\/schema\\\/logo\\\/image\\\/\",\"url\":\"https:\\\/\\\/sofia-today.com\\\/wp-content\\\/uploads\\\/2026\\\/08\\\/sofia-Copy.png\",\"contentUrl\":\"https:\\\/\\\/sofia-today.com\\\/wp-content\\\/uploads\\\/2026\\\/08\\\/sofia-Copy.png\",\"width\":332,\"height\":49,\"caption\":\"Sofia-today.com\"},\"image\":{\"@id\":\"https:\\\/\\\/sofia-today.com\\\/#\\\/schema\\\/logo\\\/image\\\/\"}},{\"@type\":\"Person\",\"@id\":\"https:\\\/\\\/sofia-today.com\\\/#\\\/schema\\\/person\\\/1c57218a6bbf3a960a388e047b2971d5\",\"name\":\"admin\",\"image\":{\"@type\":\"ImageObject\",\"inLanguage\":\"ro-RO\",\"@id\":\"https:\\\/\\\/secure.gravatar.com\\\/avatar\\\/d4bba4799a9e110700c455daf9fe3ed850eaa392a587d5fbe4531d21ca083c15?s=96&d=mm&r=g\",\"url\":\"https:\\\/\\\/secure.gravatar.com\\\/avatar\\\/d4bba4799a9e110700c455daf9fe3ed850eaa392a587d5fbe4531d21ca083c15?s=96&d=mm&r=g\",\"contentUrl\":\"https:\\\/\\\/secure.gravatar.com\\\/avatar\\\/d4bba4799a9e110700c455daf9fe3ed850eaa392a587d5fbe4531d21ca083c15?s=96&d=mm&r=g\",\"caption\":\"admin\"},\"sameAs\":[\"https:\\\/\\\/sofia-today.com\"],\"url\":\"https:\\\/\\\/sofia-today.com\\\/ro\\\/author\\\/blogadmin\\\/\"}]}<\/script>\n<!-- \/ Yoast SEO plugin. -->","yoast_head_json":{"title":"4 lucruri pe care s\u0103 le iei cu tine \u00eentr-o c\u0103l\u0103torie de afaceri","description":"Vezi ce nu trebuie s\u0103 lipseasc\u0103 din bagajul t\u0103u dac\u0103 urmeaz\u0103 s\u0103 pleci \u00eentr-o delega\u021bie. \u00ce\u021bi recomand\u0103m \u0219i un hotel din Varna, ideal pentru cazare.","robots":{"index":"index","follow":"follow","max-snippet":"max-snippet:-1","max-image-preview":"max-image-preview:large","max-video-preview":"max-video-preview:-1"},"canonical":"https:\/\/sofia-today.com\/ro\/4-lucruri-pe-care-calatorie-de-afaceri\/","og_locale":"ro_RO","og_type":"article","og_title":"4 lucruri pe care s\u0103 le iei cu tine \u00eentr-o c\u0103l\u0103torie de afaceri","og_description":"Vezi ce nu trebuie s\u0103 lipseasc\u0103 din bagajul t\u0103u dac\u0103 urmeaz\u0103 s\u0103 pleci \u00eentr-o delega\u021bie. \u00ce\u021bi recomand\u0103m \u0219i un hotel din Varna, ideal pentru cazare.","og_url":"https:\/\/sofia-today.com\/ro\/4-lucruri-pe-care-calatorie-de-afaceri\/","og_site_name":"Sofia-today.com","article_published_time":"2024-07-05T13:01:35+00:00","article_modified_time":"2026-08-21T08:18:20+00:00","og_image":[{"width":1920,"height":1080,"url":"https:\/\/sofia-today.com\/wp-content\/uploads\/2024\/07\/\u0410\u043a\u0432\u0430-\u0425\u043e\u0442\u0435\u043b-\u0432\u044a\u0432-\u0412\u0430\u0440\u043d\u0430.jpg","type":"image\/jpeg"}],"author":"admin","twitter_card":"summary_large_image","twitter_misc":{"Scris de":"admin","Timp estimat pentru citire":"3 minute"},"schema":{"@context":"https:\/\/schema.org","@graph":[{"@type":"Article","@id":"https:\/\/sofia-today.com\/ro\/4-lucruri-pe-care-calatorie-de-afaceri\/#article","isPartOf":{"@id":"https:\/\/sofia-today.com\/ro\/4-lucruri-pe-care-calatorie-de-afaceri\/"},"author":{"name":"admin","@id":"https:\/\/sofia-today.com\/#\/schema\/person\/1c57218a6bbf3a960a388e047b2971d5"},"headline":"4 lucruri pe care s\u0103 le iei cu tine \u00eentr-o c\u0103l\u0103torie de afaceri","datePublished":"2024-07-05T13:01:35+00:00","dateModified":"2026-08-21T08:18:20+00:00","mainEntityOfPage":{"@id":"https:\/\/sofia-today.com\/ro\/4-lucruri-pe-care-calatorie-de-afaceri\/"},"wordCount":630,"publisher":{"@id":"https:\/\/sofia-today.com\/#organization"},"image":{"@id":"https:\/\/sofia-today.com\/ro\/4-lucruri-pe-care-calatorie-de-afaceri\/#primaryimage"},"thumbnailUrl":"https:\/\/sofia-today.com\/wp-content\/uploads\/2024\/07\/\u0410\u043a\u0432\u0430-\u0425\u043e\u0442\u0435\u043b-\u0432\u044a\u0432-\u0412\u0430\u0440\u043d\u0430.jpg","articleSection":["Alal\u021bii"],"inLanguage":"ro-RO"},{"@type":"WebPage","@id":"https:\/\/sofia-today.com\/ro\/4-lucruri-pe-care-calatorie-de-afaceri\/","url":"https:\/\/sofia-today.com\/ro\/4-lucruri-pe-care-calatorie-de-afaceri\/","name":"4 lucruri pe care s\u0103 le iei cu tine \u00eentr-o c\u0103l\u0103torie de afaceri","isPartOf":{"@id":"https:\/\/sofia-today.com\/#website"},"primaryImageOfPage":{"@id":"https:\/\/sofia-today.com\/ro\/4-lucruri-pe-care-calatorie-de-afaceri\/#primaryimage"},"image":{"@id":"https:\/\/sofia-today.com\/ro\/4-lucruri-pe-care-calatorie-de-afaceri\/#primaryimage"},"thumbnailUrl":"https:\/\/sofia-today.com\/wp-content\/uploads\/2024\/07\/\u0410\u043a\u0432\u0430-\u0425\u043e\u0442\u0435\u043b-\u0432\u044a\u0432-\u0412\u0430\u0440\u043d\u0430.jpg","datePublished":"2024-07-05T13:01:35+00:00","dateModified":"2026-08-21T08:18:20+00:00","description":"Vezi ce nu trebuie s\u0103 lipseasc\u0103 din bagajul t\u0103u dac\u0103 urmeaz\u0103 s\u0103 pleci \u00eentr-o delega\u021bie. \u00ce\u021bi recomand\u0103m \u0219i un hotel din Varna, ideal pentru cazare.","breadcrumb":{"@id":"https:\/\/sofia-today.com\/ro\/4-lucruri-pe-care-calatorie-de-afaceri\/#breadcrumb"},"inLanguage":"ro-RO","potentialAction":[{"@type":"ReadAction","target":["https:\/\/sofia-today.com\/ro\/4-lucruri-pe-care-calatorie-de-afaceri\/"]}]},{"@type":"ImageObject","inLanguage":"ro-RO","@id":"https:\/\/sofia-today.com\/ro\/4-lucruri-pe-care-calatorie-de-afaceri\/#primaryimage","url":"https:\/\/sofia-today.com\/wp-content\/uploads\/2024\/07\/\u0410\u043a\u0432\u0430-\u0425\u043e\u0442\u0435\u043b-\u0432\u044a\u0432-\u0412\u0430\u0440\u043d\u0430.jpg","contentUrl":"https:\/\/sofia-today.com\/wp-content\/uploads\/2024\/07\/\u0410\u043a\u0432\u0430-\u0425\u043e\u0442\u0435\u043b-\u0432\u044a\u0432-\u0412\u0430\u0440\u043d\u0430.jpg","width":1920,"height":1080,"caption":"\u0410\u043a\u0432\u0430 \u0425\u043e\u0442\u0435\u043b \u0432\u044a\u0432 \u0412\u0430\u0440\u043d\u0430"},{"@type":"BreadcrumbList","@id":"https:\/\/sofia-today.com\/ro\/4-lucruri-pe-care-calatorie-de-afaceri\/#breadcrumb","itemListElement":[{"@type":"ListItem","position":1,"name":"Pagina principala","item":"https:\/\/sofia-today.com\/"},{"@type":"ListItem","position":2,"name":"4 lucruri pe care s\u0103 le iei cu tine \u00eentr-o c\u0103l\u0103torie de afaceri"}]},{"@type":"WebSite","@id":"https:\/\/sofia-today.com\/#website","url":"https:\/\/sofia-today.com\/","name":"Sofia-today.com","description":"","publisher":{"@id":"https:\/\/sofia-today.com\/#organization"},"potentialAction":[{"@type":"SearchAction","target":{"@type":"EntryPoint","urlTemplate":"https:\/\/sofia-today.com\/?s={search_term_string}"},"query-input":{"@type":"PropertyValueSpecification","valueRequired":true,"valueName":"search_term_string"}}],"inLanguage":"ro-RO"},{"@type":"Organization","@id":"https:\/\/sofia-today.com\/#organization","name":"Sofia-today.com","url":"https:\/\/sofia-today.com\/","logo":{"@type":"ImageObject","inLanguage":"ro-RO","@id":"https:\/\/sofia-today.com\/#\/schema\/logo\/image\/","url":"https:\/\/sofia-today.com\/wp-content\/uploads\/2026\/08\/sofia-Copy.png","contentUrl":"https:\/\/sofia-today.com\/wp-content\/uploads\/2026\/08\/sofia-Copy.png","width":332,"height":49,"caption":"Sofia-today.com"},"image":{"@id":"https:\/\/sofia-today.com\/#\/schema\/logo\/image\/"}},{"@type":"Person","@id":"https:\/\/sofia-today.com\/#\/schema\/person\/1c57218a6bbf3a960a388e047b2971d5","name":"admin","image":{"@type":"ImageObject","inLanguage":"ro-RO","@id":"https:\/\/secure.gravatar.com\/avatar\/d4bba4799a9e110700c455daf9fe3ed850eaa392a587d5fbe4531d21ca083c15?s=96&d=mm&r=g","url":"https:\/\/secure.gravatar.com\/avatar\/d4bba4799a9e110700c455daf9fe3ed850eaa392a587d5fbe4531d21ca083c15?s=96&d=mm&r=g","contentUrl":"https:\/\/secure.gravatar.com\/avatar\/d4bba4799a9e110700c455daf9fe3ed850eaa392a587d5fbe4531d21ca083c15?s=96&d=mm&r=g","caption":"admin"},"sameAs":["https:\/\/sofia-today.com"],"url":"https:\/\/sofia-today.com\/ro\/author\/blogadmin\/"}]}},"_links":{"self":[{"href":"https:\/\/sofia-today.com\/ro\/wp-json\/wp\/v2\/posts\/1999","targetHints":{"allow":["GET"]}}],"collection":[{"href":"https:\/\/sofia-today.com\/ro\/wp-json\/wp\/v2\/posts"}],"about":[{"href":"https:\/\/sofia-today.com\/ro\/wp-json\/wp\/v2\/types\/post"}],"author":[{"embeddable":true,"href":"https:\/\/sofia-today.com\/ro\/wp-json\/wp\/v2\/users\/1"}],"replies":[{"embeddable":true,"href":"https:\/\/sofia-today.com\/ro\/wp-json\/wp\/v2\/comments?post=1999"}],"version-history":[{"count":1,"href":"https:\/\/sofia-today.com\/ro\/wp-json\/wp\/v2\/posts\/1999\/revisions"}],"predecessor-version":[{"id":2103,"href":"https:\/\/sofia-today.com\/ro\/wp-json\/wp\/v2\/posts\/1999\/revisions\/2103"}],"wp:featuredmedia":[{"embeddable":true,"href":"https:\/\/sofia-today.com\/ro\/wp-json\/wp\/v2\/media\/1843"}],"wp:attachment":[{"href":"https:\/\/sofia-today.com\/ro\/wp-json\/wp\/v2\/media?parent=1999"}],"wp:term":[{"taxonomy":"category","embeddable":true,"href":"https:\/\/sofia-today.com\/ro\/wp-json\/wp\/v2\/categories?post=1999"},{"taxonomy":"post_tag","embeddable":true,"href":"https:\/\/sofia-today.com\/ro\/wp-json\/wp\/v2\/tags?post=1999"}],"curies":[{"name":"wp","href":"https:\/\/api.w.org\/{rel}","templated":true}]}}