{"id":2052,"date":"2022-03-14T10:05:00","date_gmt":"2022-03-14T08:05:00","guid":{"rendered":"https:\/\/sofia-today.com\/?p=2052"},"modified":"2026-08-21T10:02:44","modified_gmt":"2026-08-21T07:02:44","slug":"planificam-vacanta-de-vara-in-familie","status":"publish","type":"post","link":"https:\/\/sofia-today.com\/ro\/planificam-vacanta-de-vara-in-familie\/","title":{"rendered":"Cu c\u00e2t timp \u00eenainte ar trebui s\u0103 planific\u0103m vacan\u021ba de var\u0103 \u00een familie?"},"content":{"rendered":"\n<p class=\"wp-block-paragraph\">Se apropie cea mai frumoas\u0103 perioad\u0103 a anului \u2013 vara. Sezonul concediilor \u0219i al aventurilor \u00een familie. A\u021bi planificat deja unde v\u0103 ve\u021bi petrece vacan\u021ba anul acesta? Dac\u0103 face\u021bi parte din categoria celor c\u0103rora le place s\u0103 planifice totul \u00een avans, probabil c\u0103 analiza\u021bi deja oferte. Unii dintre voi s-ar putea chiar s\u0103 fi rezervat deja. Dac\u0103 \u00eens\u0103 \u00eenc\u0103 ezita\u021bi, <a href=\"https:\/\/detelinahotel.com\/ro\/\" data-type=\"link\" data-id=\"https:\/\/detelinahotel.com\/ro\/\">vezi aici<\/a> un hotel care dispune de tot ce este necesar pentru a v\u0103 garanta o vacan\u021b\u0103 pl\u0103cut\u0103.<\/p>\n\n\n\n<p class=\"wp-block-paragraph\"><br><\/p>\n\n\n\n<p class=\"wp-block-paragraph\">C\u00e2nd vorbim despre vacan\u021ba \u00een familie, pe primul loc apare \u00eentrebarea: cu c\u00e2t timp \u00eenainte merit\u0103 s\u0103 \u00eencepem planificarea? Adev\u0103rul este c\u0103 nu exist\u0103 un singur r\u0103spuns corect. Acest lucru depinde \u00een mare m\u0103sur\u0103 de tipul de persoan\u0103 care sunte\u021bi. Dac\u0103 v\u0103 place s\u0103 planifica\u021bi din timp, o rezervare timpurie v\u0103 va oferi cu siguran\u021b\u0103 lini\u0219te sufleteasc\u0103. Dac\u0103, \u00een schimb, v\u0103 num\u0103ra\u021bi printre iubitorii de spontaneitate, pute\u021bi l\u0103sa rezervarea pe ultimul moment.<\/p>\n\n\n\n<p class=\"wp-block-paragraph\"><\/p>\n\n\n\n<p class=\"wp-block-paragraph\">De obicei, hotelierii ofer\u0103 reduceri pentru \u00eenscrieri timpurii (early booking) cu 3-4 luni \u00eenainte de \u00eenceperea sezonului. Dac\u0103 hotelul urmeaz\u0103 s\u0103 se deschid\u0103 \u00een iunie, v\u0103 pute\u021bi a\u0219tepta la oferte de early booking \u00eenc\u0103 din februarie-martie. \u00cen cazul \u00een care a\u021bi pus ochii pe un anumit hotel, urm\u0103ri\u021bi-i site-ul. Acolo ve\u021bi g\u0103si informa\u021bii despre ofertele actuale. Exist\u0103 mai multe motive pentru care merit\u0103 s\u0103 rezerva\u021bi din timp.<br><br><\/p>\n\n\n\n<p class=\"wp-block-paragraph\">Primul dintre acestea este c\u0103 economisi\u021bi bani. Chiar dac\u0103 acesta nu este motivul principal pentru o rezervare timpurie, cu siguran\u021b\u0103 este un aspect de luat \u00een seam\u0103. Reducerea poate varia de la un hotel la altul, \u00eens\u0103 este cert c\u0103 ve\u021bi economisi fonduri pe care le ve\u021bi putea cheltui pentru altceva.<\/p>\n\n\n\n<p class=\"wp-block-paragraph\"><br><\/p>\n\n\n\n<p class=\"wp-block-paragraph\">Rezervarea timpurie este o op\u021biune excelent\u0103 \u0219i pentru c\u0103 v\u0103 ofer\u0103 posibilitatea de a preg\u0103ti totul \u00een detaliu. Ave\u021bi timp s\u0103 verifica\u021bi valabilitatea tuturor documentelor \u0219i, dac\u0103 este necesar, s\u0103 le re\u00eennoi\u021bi. De asemenea, ave\u021bi mai mult timp la dispozi\u021bie pentru a v\u0103 g\u00e2ndi ce s\u0103 pune\u021bi \u00een bagaj \u0219i ce locuri s\u0103 vizita\u021bi.<br><br><\/p>\n\n\n\n<p class=\"wp-block-paragraph\">Dac\u0103 nu dori\u021bi s\u0103 face\u021bi compromisuri \u00een privin\u021ba vacan\u021bei voastre, solicita\u021bi din timp zilele de concediu dorite. Cererile de concediu se \u00eenmul\u021besc pe m\u0103sur\u0103 ce se apropie sezonul estival. \u00cen mijlocul verii este mai greu s\u0103 fi\u021bi siguri c\u0103 datele dorite vor fi libere. Desigur, chiar dac\u0103 solicita\u021bi concediul din timp, exist\u0103 totu\u0219i posibilitatea ca acele date s\u0103 fie ocupate, \u00eens\u0103 \u0219ansele sunt mult mai mici.<br><\/p>\n\n\n\n<p class=\"wp-block-paragraph\">Rezervarea timpurie este o idee bun\u0103 \u0219i dintr-un alt motiv. V\u0103 ofer\u0103 acel sentiment de entuziasm \u0219i v\u0103 face s\u0103 a\u0219tepta\u021bi vacan\u021ba cu ner\u0103bdare. Pentru unii, acest lucru func\u021bioneaz\u0103 chiar ca o motiva\u021bie \u2013 de exemplu, pentru a intra \u00een form\u0103 \u00eenainte de a merge la mare.<br><br><\/p>\n\n\n\n<p class=\"wp-block-paragraph\">Dac\u0103 \u00eens\u0103 sunte\u021bi iubitori de adrenalin\u0103, rezerv\u0103rile timpurii probabil c\u0103 nu sunt pe gustul vostru. Nu putem nega faptul c\u0103 o c\u0103l\u0103torie spontan\u0103 are \u0219i ea farmecul ei. Ofertele de tip last minute pot fi extrem de tentante. S\u0103 alegi o destina\u021bie \u00een ultimul moment \u0219i s\u0103 \u00ee\u021bi faci repede bagajele este cu siguran\u021b\u0103 o experien\u021b\u0103 revigorant\u0103. V\u0103 recomand\u0103m s\u0103 alege\u021bi m\u0103car o dat\u0103 o vacan\u021b\u0103 de ultim moment. S\u0103 v\u0103 l\u0103sa\u021bi purta\u021bi de val \u0219i s\u0103 nu ave\u021bi niciun plan este uneori o op\u021biune mai bun\u0103. Merit\u0103 s\u0103 \u00eencerca\u021bi m\u0103car o dat\u0103, fie \u0219i numai pentru fiorul momentului.<\/p>\n","protected":false},"excerpt":{"rendered":"<p>Se apropie cea mai frumoas\u0103 perioad\u0103 a anului \u2013 vara. Sezonul concediilor \u0219i al aventurilor \u00een familie. A\u021bi planificat deja unde v\u0103 ve\u021bi petrece vacan\u021ba anul acesta? Dac\u0103 face\u021bi parte din categoria celor c\u0103rora le place s\u0103 planifice totul \u00een avans, probabil c\u0103 analiza\u021bi deja oferte. Unii dintre voi s-ar putea chiar s\u0103 fi rezervat [&hellip;]<\/p>\n","protected":false},"author":1,"featured_media":1488,"comment_status":"closed","ping_status":"closed","sticky":false,"template":"","format":"standard","meta":{"footnotes":""},"categories":[34,16],"tags":[],"class_list":["post-2052","post","type-post","status-publish","format-standard","has-post-thumbnail","hentry","category-interesant","category-pentru-inspiratie"],"yoast_head":"<!-- This site is optimized with the Yoast SEO plugin v28.3 - https:\/\/yoast.com\/product\/yoast-seo-wordpress\/ -->\n<title>Cu c\u00e2t timp \u00eenainte ar trebui s\u0103 planific\u0103m vacan\u021ba de var\u0103 \u00een familie? - Sofia-today.com<\/title>\n<meta name=\"robots\" content=\"index, follow, max-snippet:-1, max-image-preview:large, max-video-preview:-1\" \/>\n<link rel=\"canonical\" href=\"https:\/\/sofia-today.com\/ro\/planificam-vacanta-de-vara-in-familie\/\" \/>\n<meta property=\"og:locale\" content=\"ro_RO\" \/>\n<meta property=\"og:type\" content=\"article\" \/>\n<meta property=\"og:title\" content=\"Cu c\u00e2t timp \u00eenainte ar trebui s\u0103 planific\u0103m vacan\u021ba de var\u0103 \u00een familie? - Sofia-today.com\" \/>\n<meta property=\"og:description\" content=\"Se apropie cea mai frumoas\u0103 perioad\u0103 a anului \u2013 vara. Sezonul concediilor \u0219i al aventurilor \u00een familie. A\u021bi planificat deja unde v\u0103 ve\u021bi petrece vacan\u021ba anul acesta? Dac\u0103 face\u021bi parte din categoria celor c\u0103rora le place s\u0103 planifice totul \u00een avans, probabil c\u0103 analiza\u021bi deja oferte. Unii dintre voi s-ar putea chiar s\u0103 fi rezervat [&hellip;]\" \/>\n<meta property=\"og:url\" content=\"https:\/\/sofia-today.com\/ro\/planificam-vacanta-de-vara-in-familie\/\" \/>\n<meta property=\"og:site_name\" content=\"Sofia-today.com\" \/>\n<meta property=\"article:published_time\" content=\"2022-03-14T08:05:00+00:00\" \/>\n<meta property=\"article:modified_time\" content=\"2026-08-21T07:02:44+00:00\" \/>\n<meta property=\"og:image\" content=\"https:\/\/sofia-today.com\/wp-content\/uploads\/2022\/03\/Summer-plan.png\" \/>\n\t<meta property=\"og:image:width\" content=\"1920\" \/>\n\t<meta property=\"og:image:height\" content=\"1080\" \/>\n\t<meta property=\"og:image:type\" content=\"image\/png\" \/>\n<meta name=\"author\" content=\"admin\" \/>\n<meta name=\"twitter:card\" content=\"summary_large_image\" \/>\n<meta name=\"twitter:label1\" content=\"Scris de\" \/>\n\t<meta name=\"twitter:data1\" content=\"admin\" \/>\n\t<meta name=\"twitter:label2\" content=\"Timp estimat pentru citire\" \/>\n\t<meta name=\"twitter:data2\" content=\"3 minute\" \/>\n<script type=\"application\/ld+json\" class=\"yoast-schema-graph\">{\"@context\":\"https:\\\/\\\/schema.org\",\"@graph\":[{\"@type\":\"Article\",\"@id\":\"https:\\\/\\\/sofia-today.com\\\/ro\\\/planificam-vacanta-de-vara-in-familie\\\/#article\",\"isPartOf\":{\"@id\":\"https:\\\/\\\/sofia-today.com\\\/ro\\\/planificam-vacanta-de-vara-in-familie\\\/\"},\"author\":{\"name\":\"admin\",\"@id\":\"https:\\\/\\\/sofia-today.com\\\/#\\\/schema\\\/person\\\/1c57218a6bbf3a960a388e047b2971d5\"},\"headline\":\"Cu c\u00e2t timp \u00eenainte ar trebui s\u0103 planific\u0103m vacan\u021ba de var\u0103 \u00een familie?\",\"datePublished\":\"2022-03-14T08:05:00+00:00\",\"dateModified\":\"2026-08-21T07:02:44+00:00\",\"mainEntityOfPage\":{\"@id\":\"https:\\\/\\\/sofia-today.com\\\/ro\\\/planificam-vacanta-de-vara-in-familie\\\/\"},\"wordCount\":623,\"publisher\":{\"@id\":\"https:\\\/\\\/sofia-today.com\\\/#organization\"},\"image\":{\"@id\":\"https:\\\/\\\/sofia-today.com\\\/ro\\\/planificam-vacanta-de-vara-in-familie\\\/#primaryimage\"},\"thumbnailUrl\":\"https:\\\/\\\/sofia-today.com\\\/wp-content\\\/uploads\\\/2022\\\/03\\\/Summer-plan.png\",\"articleSection\":[\"Interesant\",\"Pentru inspira\u021bie\"],\"inLanguage\":\"ro-RO\"},{\"@type\":\"WebPage\",\"@id\":\"https:\\\/\\\/sofia-today.com\\\/ro\\\/planificam-vacanta-de-vara-in-familie\\\/\",\"url\":\"https:\\\/\\\/sofia-today.com\\\/ro\\\/planificam-vacanta-de-vara-in-familie\\\/\",\"name\":\"Cu c\u00e2t timp \u00eenainte ar trebui s\u0103 planific\u0103m vacan\u021ba de var\u0103 \u00een familie? - Sofia-today.com\",\"isPartOf\":{\"@id\":\"https:\\\/\\\/sofia-today.com\\\/#website\"},\"primaryImageOfPage\":{\"@id\":\"https:\\\/\\\/sofia-today.com\\\/ro\\\/planificam-vacanta-de-vara-in-familie\\\/#primaryimage\"},\"image\":{\"@id\":\"https:\\\/\\\/sofia-today.com\\\/ro\\\/planificam-vacanta-de-vara-in-familie\\\/#primaryimage\"},\"thumbnailUrl\":\"https:\\\/\\\/sofia-today.com\\\/wp-content\\\/uploads\\\/2022\\\/03\\\/Summer-plan.png\",\"datePublished\":\"2022-03-14T08:05:00+00:00\",\"dateModified\":\"2026-08-21T07:02:44+00:00\",\"breadcrumb\":{\"@id\":\"https:\\\/\\\/sofia-today.com\\\/ro\\\/planificam-vacanta-de-vara-in-familie\\\/#breadcrumb\"},\"inLanguage\":\"ro-RO\",\"potentialAction\":[{\"@type\":\"ReadAction\",\"target\":[\"https:\\\/\\\/sofia-today.com\\\/ro\\\/planificam-vacanta-de-vara-in-familie\\\/\"]}]},{\"@type\":\"ImageObject\",\"inLanguage\":\"ro-RO\",\"@id\":\"https:\\\/\\\/sofia-today.com\\\/ro\\\/planificam-vacanta-de-vara-in-familie\\\/#primaryimage\",\"url\":\"https:\\\/\\\/sofia-today.com\\\/wp-content\\\/uploads\\\/2022\\\/03\\\/Summer-plan.png\",\"contentUrl\":\"https:\\\/\\\/sofia-today.com\\\/wp-content\\\/uploads\\\/2022\\\/03\\\/Summer-plan.png\",\"width\":1920,\"height\":1080},{\"@type\":\"BreadcrumbList\",\"@id\":\"https:\\\/\\\/sofia-today.com\\\/ro\\\/planificam-vacanta-de-vara-in-familie\\\/#breadcrumb\",\"itemListElement\":[{\"@type\":\"ListItem\",\"position\":1,\"name\":\"Pagina principala\",\"item\":\"https:\\\/\\\/sofia-today.com\\\/\"},{\"@type\":\"ListItem\",\"position\":2,\"name\":\"Cu c\u00e2t timp \u00eenainte ar trebui s\u0103 planific\u0103m vacan\u021ba de var\u0103 \u00een familie?\"}]},{\"@type\":\"WebSite\",\"@id\":\"https:\\\/\\\/sofia-today.com\\\/#website\",\"url\":\"https:\\\/\\\/sofia-today.com\\\/\",\"name\":\"Sofia-today.com\",\"description\":\"\",\"publisher\":{\"@id\":\"https:\\\/\\\/sofia-today.com\\\/#organization\"},\"potentialAction\":[{\"@type\":\"SearchAction\",\"target\":{\"@type\":\"EntryPoint\",\"urlTemplate\":\"https:\\\/\\\/sofia-today.com\\\/?s={search_term_string}\"},\"query-input\":{\"@type\":\"PropertyValueSpecification\",\"valueRequired\":true,\"valueName\":\"search_term_string\"}}],\"inLanguage\":\"ro-RO\"},{\"@type\":\"Organization\",\"@id\":\"https:\\\/\\\/sofia-today.com\\\/#organization\",\"name\":\"Sofia-today.com\",\"url\":\"https:\\\/\\\/sofia-today.com\\\/\",\"logo\":{\"@type\":\"ImageObject\",\"inLanguage\":\"ro-RO\",\"@id\":\"https:\\\/\\\/sofia-today.com\\\/#\\\/schema\\\/logo\\\/image\\\/\",\"url\":\"https:\\\/\\\/sofia-today.com\\\/wp-content\\\/uploads\\\/2026\\\/08\\\/sofia-Copy.png\",\"contentUrl\":\"https:\\\/\\\/sofia-today.com\\\/wp-content\\\/uploads\\\/2026\\\/08\\\/sofia-Copy.png\",\"width\":332,\"height\":49,\"caption\":\"Sofia-today.com\"},\"image\":{\"@id\":\"https:\\\/\\\/sofia-today.com\\\/#\\\/schema\\\/logo\\\/image\\\/\"}},{\"@type\":\"Person\",\"@id\":\"https:\\\/\\\/sofia-today.com\\\/#\\\/schema\\\/person\\\/1c57218a6bbf3a960a388e047b2971d5\",\"name\":\"admin\",\"image\":{\"@type\":\"ImageObject\",\"inLanguage\":\"ro-RO\",\"@id\":\"https:\\\/\\\/secure.gravatar.com\\\/avatar\\\/d4bba4799a9e110700c455daf9fe3ed850eaa392a587d5fbe4531d21ca083c15?s=96&d=mm&r=g\",\"url\":\"https:\\\/\\\/secure.gravatar.com\\\/avatar\\\/d4bba4799a9e110700c455daf9fe3ed850eaa392a587d5fbe4531d21ca083c15?s=96&d=mm&r=g\",\"contentUrl\":\"https:\\\/\\\/secure.gravatar.com\\\/avatar\\\/d4bba4799a9e110700c455daf9fe3ed850eaa392a587d5fbe4531d21ca083c15?s=96&d=mm&r=g\",\"caption\":\"admin\"},\"sameAs\":[\"https:\\\/\\\/sofia-today.com\"],\"url\":\"https:\\\/\\\/sofia-today.com\\\/ro\\\/author\\\/blogadmin\\\/\"}]}<\/script>\n<!-- \/ Yoast SEO plugin. -->","yoast_head_json":{"title":"Cu c\u00e2t timp \u00eenainte ar trebui s\u0103 planific\u0103m vacan\u021ba de var\u0103 \u00een familie? - Sofia-today.com","robots":{"index":"index","follow":"follow","max-snippet":"max-snippet:-1","max-image-preview":"max-image-preview:large","max-video-preview":"max-video-preview:-1"},"canonical":"https:\/\/sofia-today.com\/ro\/planificam-vacanta-de-vara-in-familie\/","og_locale":"ro_RO","og_type":"article","og_title":"Cu c\u00e2t timp \u00eenainte ar trebui s\u0103 planific\u0103m vacan\u021ba de var\u0103 \u00een familie? - Sofia-today.com","og_description":"Se apropie cea mai frumoas\u0103 perioad\u0103 a anului \u2013 vara. Sezonul concediilor \u0219i al aventurilor \u00een familie. A\u021bi planificat deja unde v\u0103 ve\u021bi petrece vacan\u021ba anul acesta? Dac\u0103 face\u021bi parte din categoria celor c\u0103rora le place s\u0103 planifice totul \u00een avans, probabil c\u0103 analiza\u021bi deja oferte. Unii dintre voi s-ar putea chiar s\u0103 fi rezervat [&hellip;]","og_url":"https:\/\/sofia-today.com\/ro\/planificam-vacanta-de-vara-in-familie\/","og_site_name":"Sofia-today.com","article_published_time":"2022-03-14T08:05:00+00:00","article_modified_time":"2026-08-21T07:02:44+00:00","og_image":[{"width":1920,"height":1080,"url":"https:\/\/sofia-today.com\/wp-content\/uploads\/2022\/03\/Summer-plan.png","type":"image\/png"}],"author":"admin","twitter_card":"summary_large_image","twitter_misc":{"Scris de":"admin","Timp estimat pentru citire":"3 minute"},"schema":{"@context":"https:\/\/schema.org","@graph":[{"@type":"Article","@id":"https:\/\/sofia-today.com\/ro\/planificam-vacanta-de-vara-in-familie\/#article","isPartOf":{"@id":"https:\/\/sofia-today.com\/ro\/planificam-vacanta-de-vara-in-familie\/"},"author":{"name":"admin","@id":"https:\/\/sofia-today.com\/#\/schema\/person\/1c57218a6bbf3a960a388e047b2971d5"},"headline":"Cu c\u00e2t timp \u00eenainte ar trebui s\u0103 planific\u0103m vacan\u021ba de var\u0103 \u00een familie?","datePublished":"2022-03-14T08:05:00+00:00","dateModified":"2026-08-21T07:02:44+00:00","mainEntityOfPage":{"@id":"https:\/\/sofia-today.com\/ro\/planificam-vacanta-de-vara-in-familie\/"},"wordCount":623,"publisher":{"@id":"https:\/\/sofia-today.com\/#organization"},"image":{"@id":"https:\/\/sofia-today.com\/ro\/planificam-vacanta-de-vara-in-familie\/#primaryimage"},"thumbnailUrl":"https:\/\/sofia-today.com\/wp-content\/uploads\/2022\/03\/Summer-plan.png","articleSection":["Interesant","Pentru inspira\u021bie"],"inLanguage":"ro-RO"},{"@type":"WebPage","@id":"https:\/\/sofia-today.com\/ro\/planificam-vacanta-de-vara-in-familie\/","url":"https:\/\/sofia-today.com\/ro\/planificam-vacanta-de-vara-in-familie\/","name":"Cu c\u00e2t timp \u00eenainte ar trebui s\u0103 planific\u0103m vacan\u021ba de var\u0103 \u00een familie? - Sofia-today.com","isPartOf":{"@id":"https:\/\/sofia-today.com\/#website"},"primaryImageOfPage":{"@id":"https:\/\/sofia-today.com\/ro\/planificam-vacanta-de-vara-in-familie\/#primaryimage"},"image":{"@id":"https:\/\/sofia-today.com\/ro\/planificam-vacanta-de-vara-in-familie\/#primaryimage"},"thumbnailUrl":"https:\/\/sofia-today.com\/wp-content\/uploads\/2022\/03\/Summer-plan.png","datePublished":"2022-03-14T08:05:00+00:00","dateModified":"2026-08-21T07:02:44+00:00","breadcrumb":{"@id":"https:\/\/sofia-today.com\/ro\/planificam-vacanta-de-vara-in-familie\/#breadcrumb"},"inLanguage":"ro-RO","potentialAction":[{"@type":"ReadAction","target":["https:\/\/sofia-today.com\/ro\/planificam-vacanta-de-vara-in-familie\/"]}]},{"@type":"ImageObject","inLanguage":"ro-RO","@id":"https:\/\/sofia-today.com\/ro\/planificam-vacanta-de-vara-in-familie\/#primaryimage","url":"https:\/\/sofia-today.com\/wp-content\/uploads\/2022\/03\/Summer-plan.png","contentUrl":"https:\/\/sofia-today.com\/wp-content\/uploads\/2022\/03\/Summer-plan.png","width":1920,"height":1080},{"@type":"BreadcrumbList","@id":"https:\/\/sofia-today.com\/ro\/planificam-vacanta-de-vara-in-familie\/#breadcrumb","itemListElement":[{"@type":"ListItem","position":1,"name":"Pagina principala","item":"https:\/\/sofia-today.com\/"},{"@type":"ListItem","position":2,"name":"Cu c\u00e2t timp \u00eenainte ar trebui s\u0103 planific\u0103m vacan\u021ba de var\u0103 \u00een familie?"}]},{"@type":"WebSite","@id":"https:\/\/sofia-today.com\/#website","url":"https:\/\/sofia-today.com\/","name":"Sofia-today.com","description":"","publisher":{"@id":"https:\/\/sofia-today.com\/#organization"},"potentialAction":[{"@type":"SearchAction","target":{"@type":"EntryPoint","urlTemplate":"https:\/\/sofia-today.com\/?s={search_term_string}"},"query-input":{"@type":"PropertyValueSpecification","valueRequired":true,"valueName":"search_term_string"}}],"inLanguage":"ro-RO"},{"@type":"Organization","@id":"https:\/\/sofia-today.com\/#organization","name":"Sofia-today.com","url":"https:\/\/sofia-today.com\/","logo":{"@type":"ImageObject","inLanguage":"ro-RO","@id":"https:\/\/sofia-today.com\/#\/schema\/logo\/image\/","url":"https:\/\/sofia-today.com\/wp-content\/uploads\/2026\/08\/sofia-Copy.png","contentUrl":"https:\/\/sofia-today.com\/wp-content\/uploads\/2026\/08\/sofia-Copy.png","width":332,"height":49,"caption":"Sofia-today.com"},"image":{"@id":"https:\/\/sofia-today.com\/#\/schema\/logo\/image\/"}},{"@type":"Person","@id":"https:\/\/sofia-today.com\/#\/schema\/person\/1c57218a6bbf3a960a388e047b2971d5","name":"admin","image":{"@type":"ImageObject","inLanguage":"ro-RO","@id":"https:\/\/secure.gravatar.com\/avatar\/d4bba4799a9e110700c455daf9fe3ed850eaa392a587d5fbe4531d21ca083c15?s=96&d=mm&r=g","url":"https:\/\/secure.gravatar.com\/avatar\/d4bba4799a9e110700c455daf9fe3ed850eaa392a587d5fbe4531d21ca083c15?s=96&d=mm&r=g","contentUrl":"https:\/\/secure.gravatar.com\/avatar\/d4bba4799a9e110700c455daf9fe3ed850eaa392a587d5fbe4531d21ca083c15?s=96&d=mm&r=g","caption":"admin"},"sameAs":["https:\/\/sofia-today.com"],"url":"https:\/\/sofia-today.com\/ro\/author\/blogadmin\/"}]}},"_links":{"self":[{"href":"https:\/\/sofia-today.com\/ro\/wp-json\/wp\/v2\/posts\/2052","targetHints":{"allow":["GET"]}}],"collection":[{"href":"https:\/\/sofia-today.com\/ro\/wp-json\/wp\/v2\/posts"}],"about":[{"href":"https:\/\/sofia-today.com\/ro\/wp-json\/wp\/v2\/types\/post"}],"author":[{"embeddable":true,"href":"https:\/\/sofia-today.com\/ro\/wp-json\/wp\/v2\/users\/1"}],"replies":[{"embeddable":true,"href":"https:\/\/sofia-today.com\/ro\/wp-json\/wp\/v2\/comments?post=2052"}],"version-history":[{"count":1,"href":"https:\/\/sofia-today.com\/ro\/wp-json\/wp\/v2\/posts\/2052\/revisions"}],"predecessor-version":[{"id":2102,"href":"https:\/\/sofia-today.com\/ro\/wp-json\/wp\/v2\/posts\/2052\/revisions\/2102"}],"wp:featuredmedia":[{"embeddable":true,"href":"https:\/\/sofia-today.com\/ro\/wp-json\/wp\/v2\/media\/1488"}],"wp:attachment":[{"href":"https:\/\/sofia-today.com\/ro\/wp-json\/wp\/v2\/media?parent=2052"}],"wp:term":[{"taxonomy":"category","embeddable":true,"href":"https:\/\/sofia-today.com\/ro\/wp-json\/wp\/v2\/categories?post=2052"},{"taxonomy":"post_tag","embeddable":true,"href":"https:\/\/sofia-today.com\/ro\/wp-json\/wp\/v2\/tags?post=2052"}],"curies":[{"name":"wp","href":"https:\/\/api.w.org\/{rel}","templated":true}]}}