{"id":2060,"date":"2022-01-14T12:05:00","date_gmt":"2022-01-14T10:05:00","guid":{"rendered":"https:\/\/sofia-today.com\/?p=2060"},"modified":"2026-08-26T11:21:12","modified_gmt":"2026-08-26T08:21:12","slug":"hotel-kristal-o-vacanta-deplina-in-nisipurile-de-aur","status":"publish","type":"post","link":"https:\/\/sofia-today.com\/ro\/hotel-kristal-o-vacanta-deplina-in-nisipurile-de-aur\/","title":{"rendered":"Hotel Kristal \u2013 o vacan\u021b\u0103 deplin\u0103 \u00een Nisipurile de Aur"},"content":{"rendered":"\n<h4 class=\"wp-block-heading\">Informa\u021bii despre hotel<\/h4>\n\n\n\n<ul class=\"wp-block-list hotel_info\">\n<li>Hotel Kristal<\/li>\n\n\n\n<li>Adres\u0103: 9007 Nisipurile de Aur, Varna<\/li>\n\n\n\n<li>Telefon: +359 52 389 038<\/li>\n\n\n\n<li>E-mail: <a href=\"mailto:reservation@hotelkristal.bg\">reservation@hotelkristal.bg<\/a><\/li>\n<\/ul>\n\n\n\n<p class=\"wp-block-paragraph\">Dac\u0103 a\u021bi decis s\u0103 organiza\u021bi o vacan\u021b\u0103 All Inclusive la Nisipurile de Aur \u00een aceast\u0103 var\u0103, cu siguran\u021b\u0103 v\u0103 confrunta\u021bi cu sarcina de a alege un loc de cazare. G\u0103sirea unei loca\u021bii potrivite pentru \u00eentreaga familie nu este o misiune u\u0219oar\u0103, iar num\u0103rul tot mai mare de hoteluri \u0219i oferte tentante pare s\u0103 \u00eengreuneze \u0219i mai mult alegerea. Ast\u0103zi v\u0103 prezent\u0103m Hotelul Kristal \u2013 unul dintre <a href=\"https:\/\/hotelkristal.bg\/ro\/\" data-type=\"link\" data-id=\"https:\/\/hotelkristal.bg\/ro\/\">hoteluri 4 stele Nisipurile de Aur All Inclusive<\/a>, situat la doar 450 m de plaja central\u0103 a sta\u021biunii. <br><br>Hotelul garanteaz\u0103 oaspe\u021bilor s\u0103i condi\u021bii excelente pentru o vacan\u021b\u0103 relaxant\u0103, oferind:<\/p>\n\n\n\n<ul class=\"wp-block-list\">\n<li>o selec\u021bie de aproape 300 de unit\u0103\u021bi de cazare;<\/li>\n\n\n\n<li>o gr\u0103din\u0103 spa\u021bioas\u0103 cu vegeta\u021bie multicolor\u0103;<\/li>\n\n\n\n<li>5 localuri pentru m\u00e2ncare \u0219i b\u0103uturi;<\/li>\n\n\n\n<li>o zon\u0103 de wellness;<\/li>\n\n\n\n<li>divertisment pentru copii.<\/li>\n<\/ul>\n\n\n\n<p class=\"wp-block-paragraph\"><br><strong>Camer\u0103 dubl\u0103, tripl\u0103 sau de familie<\/strong> <\/p>\n\n\n\n<p class=\"wp-block-paragraph\">Hotelul dispune de 296 de unit\u0103\u021bi de cazare. Toate sunt mobilate confortabil \u0219i dotate cu numeroase facilit\u0103\u021bi. Op\u021biunile din care oaspe\u021bii hotelului pot alege includ: camer\u0103 dubl\u0103, camer\u0103 dubl\u0103 Superior, camer\u0103 dubl\u0103 cu vedere la mare, camer\u0103 de familie (family room), camer\u0103 de familie Deluxe \u0219i camer\u0103 tripl\u0103. Toate spa\u021biile de cazare au o zon\u0103 de zi cu mas\u0103 \u0219i fotoliu extensibil. De asemenea, \u00een camere exist\u0103 un televizor la care oaspe\u021bii pot viziona programele preferate \u00een timpul vacan\u021bei.<\/p>\n\n\n\n<p class=\"wp-block-paragraph\"><br><strong>Piscine \u0219i divertisment<\/strong> <\/p>\n\n\n\n<p class=\"wp-block-paragraph\">Pe teritoriul hotelului \u201eKristal\u201d se afl\u0103 \u0219i o piscin\u0103 exterioar\u0103 pe dou\u0103 niveluri. Suprafa\u021ba acesteia ajunge la 810 mp, iar oaspe\u021bii pot folosi umbrelele, prosoapele \u0219i \u0219ezlongurile din jurul ei. Pe l\u00e2ng\u0103 \u00eenot, vizitatorii complexului se pot bucura de diverse sporturi acvatice. Activit\u0103\u021bile sportive precum polo pe ap\u0103, aqua gimnastic\u0103, pilates \u0219i stretching fac parte din programul de anima\u021bie al hotelului. De asemenea, oaspe\u021bii pot practica yoga, pot juca volei sau minifotbal. Totodat\u0103, se pot distra cu jocuri lini\u0219tite, cum ar fi tablele \u0219i \u0219ahul.<\/p>\n\n\n\n<p class=\"wp-block-paragraph\"><br><strong>Zona wellness \u2013 op\u021biuni de relaxare \u0219i destindere<\/strong> <\/p>\n\n\n\n<p class=\"wp-block-paragraph\">Cei care iubesc procedurile spa se pot relaxa \u00een zona wellness a hotelului. Aceasta dispune de jacuzzi, hamam, baie de aburi, du\u0219 emo\u021bional \u0219i o piscin\u0103. Piscina este \u00eenc\u0103lzit\u0103 \u0219i se \u00eentinde pe o suprafa\u021b\u0103 de 73 mp. Pe l\u00e2ng\u0103 relaxarea spa, \u201eKristal\u201d le propune oaspe\u021bilor s\u0103 \u00eencerce b\u0103i cu uleiuri esen\u021biale \u0219i plante medicinale, precum \u0219i diverse tipuri de masaje \u0219i terapii. Doamnele se pot r\u0103sf\u0103\u021ba, de asemenea, cu manichiur\u0103, pedichiur\u0103 sau o coafur\u0103 nou\u0103 la salonul de \u00eenfrumuse\u021bare al hotelului.<\/p>\n\n\n\n<p class=\"wp-block-paragraph\"><br><strong>Pentru copii<\/strong> <\/p>\n\n\n\n<p class=\"wp-block-paragraph\">Pentru cei mai mici vizitatori ai hotelului sunt puse la dispozi\u021bie un loc de joac\u0103 cu tobogane \u0219i leag\u0103ne, o piscin\u0103 pentru copii cu ad\u00e2ncime adecvat\u0103, un mini-club \u0219i o mini-discotec\u0103. Varietatea de facilit\u0103\u021bi \u0219i op\u021biuni de divertisment le permite p\u0103rin\u021bilor s\u0103 savureze b\u0103utura preferat\u0103 sau s\u0103 ia cina \u00een restaurant \u00een timp ce micu\u021bii se distreaz\u0103. De buna dispozi\u021bie a celor mici \u00een cadrul mini-clubului se ocup\u0103 animatorii, iar discoteca pentru copii se organizeaz\u0103 de \u0219ase ori pe s\u0103pt\u0103m\u00e2n\u0103.<\/p>\n\n\n\n<p class=\"wp-block-paragraph\"><br><strong>M\u00e2ncare delicioas\u0103 \u0219i b\u0103uturi r\u0103coritoare<\/strong> <\/p>\n\n\n\n<p class=\"wp-block-paragraph\">\u201eKristal\u201d dispune de un restaurant principal care poart\u0103 numele hotelului. Restaurantul are o teras\u0103 deschis\u0103, de unde se deschide o vedere frumoas\u0103 spre gr\u0103din\u0103. Aici se servesc \u00een principal preparate din buc\u0103t\u0103ria bulg\u0103reasc\u0103 \u0219i european\u0103, iar de trei ori pe s\u0103pt\u0103m\u00e2n\u0103 oaspe\u021bii se pot bucura de seri tematice. Exist\u0103, de asemenea, un bufet pentru copii cu op\u021biuni variate de pr\u00e2nz \u0219i cin\u0103 pentru cei mici. Hotelul ofer\u0103 \u0219i un restaurant-teras\u0103 numit \u201eFood corner\u201d, unde se servesc b\u0103uturi r\u0103coritoare locale, ceai, cafea, fructe \u0219i dulciuri. Programul acestuia este de la 12:00 la 16:30, fiind locul ideal pentru o gustare \u00eentre pr\u00e2nz \u0219i cin\u0103. B\u0103uturi r\u0103coritoare \u0219i cocktailuri proaspete sunt servite, de asemenea, \u00een cele dou\u0103 baruri ale hotelului \u2013 lobby barul \u201eAtrium\u201d \u0219i barul de la piscin\u0103.<\/p>\n\n\n\n<p class=\"wp-block-paragraph\">Atmosfera elegant\u0103 \u0219i m\u00e2ncarea delicioas\u0103 fac din \u201eKristal\u201d loca\u021bia potrivit\u0103 \u0219i pentru evenimente de afaceri sau private. Cei care doresc s\u0103 organizeze un seminar sau o conferin\u021b\u0103 restr\u00e2ns\u0103 o pot face la \u201eChef\u2019s Restaurant\u201d. Sala multifunc\u021bional\u0103 dispune de o teras\u0103 spa\u021bioas\u0103 \u0219i ofer\u0103 posibilitatea de a g\u0103zdui evenimente corporate sau personale \u2013 nun\u021bi, banchete \u0219i petreceri de familie.<\/p>\n","protected":false},"excerpt":{"rendered":"<p>Informa\u021bii despre hotel Dac\u0103 a\u021bi decis s\u0103 organiza\u021bi o vacan\u021b\u0103 All Inclusive la Nisipurile de Aur \u00een aceast\u0103 var\u0103, cu siguran\u021b\u0103 v\u0103 confrunta\u021bi cu sarcina de a alege un loc de cazare. G\u0103sirea unei loca\u021bii potrivite pentru \u00eentreaga familie nu este o misiune u\u0219oar\u0103, iar num\u0103rul tot mai mare de hoteluri \u0219i oferte tentante pare [&hellip;]<\/p>\n","protected":false},"author":1,"featured_media":1437,"comment_status":"closed","ping_status":"closed","sticky":false,"template":"","format":"standard","meta":{"footnotes":""},"categories":[25,43,16],"tags":[],"class_list":["post-2060","post","type-post","status-publish","format-standard","has-post-thumbnail","hentry","category-hoteluri","category-hoteluri-in-afara-sofia","category-pentru-inspiratie"],"yoast_head":"<!-- This site is optimized with the Yoast SEO plugin v28.3 - https:\/\/yoast.com\/product\/yoast-seo-wordpress\/ -->\n<title>Hotel Kristal \u2013 o vacan\u021b\u0103 deplin\u0103 \u00een Nisipurile de Aur - Sofia-today.com<\/title>\n<meta name=\"robots\" content=\"index, follow, max-snippet:-1, max-image-preview:large, max-video-preview:-1\" \/>\n<link rel=\"canonical\" href=\"https:\/\/sofia-today.com\/ro\/hotel-kristal-o-vacanta-deplina-in-nisipurile-de-aur\/\" \/>\n<meta property=\"og:locale\" content=\"ro_RO\" \/>\n<meta property=\"og:type\" content=\"article\" \/>\n<meta property=\"og:title\" content=\"Hotel Kristal \u2013 o vacan\u021b\u0103 deplin\u0103 \u00een Nisipurile de Aur - Sofia-today.com\" \/>\n<meta property=\"og:description\" content=\"Informa\u021bii despre hotel Dac\u0103 a\u021bi decis s\u0103 organiza\u021bi o vacan\u021b\u0103 All Inclusive la Nisipurile de Aur \u00een aceast\u0103 var\u0103, cu siguran\u021b\u0103 v\u0103 confrunta\u021bi cu sarcina de a alege un loc de cazare. G\u0103sirea unei loca\u021bii potrivite pentru \u00eentreaga familie nu este o misiune u\u0219oar\u0103, iar num\u0103rul tot mai mare de hoteluri \u0219i oferte tentante pare [&hellip;]\" \/>\n<meta property=\"og:url\" content=\"https:\/\/sofia-today.com\/ro\/hotel-kristal-o-vacanta-deplina-in-nisipurile-de-aur\/\" \/>\n<meta property=\"og:site_name\" content=\"Sofia-today.com\" \/>\n<meta property=\"article:published_time\" content=\"2022-01-14T10:05:00+00:00\" \/>\n<meta property=\"article:modified_time\" content=\"2026-08-26T08:21:12+00:00\" \/>\n<meta property=\"og:image\" content=\"https:\/\/sofia-today.com\/wp-content\/uploads\/2022\/01\/Hotel-Kristal-1.png\" \/>\n\t<meta property=\"og:image:width\" content=\"1920\" \/>\n\t<meta property=\"og:image:height\" content=\"1080\" \/>\n\t<meta property=\"og:image:type\" content=\"image\/png\" \/>\n<meta name=\"author\" content=\"admin\" \/>\n<meta name=\"twitter:card\" content=\"summary_large_image\" \/>\n<meta name=\"twitter:label1\" content=\"Scris de\" \/>\n\t<meta name=\"twitter:data1\" content=\"admin\" \/>\n\t<meta name=\"twitter:label2\" content=\"Timp estimat pentru citire\" \/>\n\t<meta name=\"twitter:data2\" content=\"4 minute\" \/>\n<script type=\"application\/ld+json\" class=\"yoast-schema-graph\">{\"@context\":\"https:\\\/\\\/schema.org\",\"@graph\":[{\"@type\":\"Article\",\"@id\":\"https:\\\/\\\/sofia-today.com\\\/ro\\\/hotel-kristal-o-vacanta-deplina-in-nisipurile-de-aur\\\/#article\",\"isPartOf\":{\"@id\":\"https:\\\/\\\/sofia-today.com\\\/ro\\\/hotel-kristal-o-vacanta-deplina-in-nisipurile-de-aur\\\/\"},\"author\":{\"name\":\"admin\",\"@id\":\"https:\\\/\\\/sofia-today.com\\\/#\\\/schema\\\/person\\\/1c57218a6bbf3a960a388e047b2971d5\"},\"headline\":\"Hotel Kristal \u2013 o vacan\u021b\u0103 deplin\u0103 \u00een Nisipurile de Aur\",\"datePublished\":\"2022-01-14T10:05:00+00:00\",\"dateModified\":\"2026-08-26T08:21:12+00:00\",\"mainEntityOfPage\":{\"@id\":\"https:\\\/\\\/sofia-today.com\\\/ro\\\/hotel-kristal-o-vacanta-deplina-in-nisipurile-de-aur\\\/\"},\"wordCount\":752,\"publisher\":{\"@id\":\"https:\\\/\\\/sofia-today.com\\\/#organization\"},\"image\":{\"@id\":\"https:\\\/\\\/sofia-today.com\\\/ro\\\/hotel-kristal-o-vacanta-deplina-in-nisipurile-de-aur\\\/#primaryimage\"},\"thumbnailUrl\":\"https:\\\/\\\/sofia-today.com\\\/wp-content\\\/uploads\\\/2022\\\/01\\\/Hotel-Kristal-1.png\",\"articleSection\":[\"Hoteluri\",\"Hoteluri \u00een afara Sofia\",\"Pentru inspira\u021bie\"],\"inLanguage\":\"ro-RO\"},{\"@type\":\"WebPage\",\"@id\":\"https:\\\/\\\/sofia-today.com\\\/ro\\\/hotel-kristal-o-vacanta-deplina-in-nisipurile-de-aur\\\/\",\"url\":\"https:\\\/\\\/sofia-today.com\\\/ro\\\/hotel-kristal-o-vacanta-deplina-in-nisipurile-de-aur\\\/\",\"name\":\"Hotel Kristal \u2013 o vacan\u021b\u0103 deplin\u0103 \u00een Nisipurile de Aur - Sofia-today.com\",\"isPartOf\":{\"@id\":\"https:\\\/\\\/sofia-today.com\\\/#website\"},\"primaryImageOfPage\":{\"@id\":\"https:\\\/\\\/sofia-today.com\\\/ro\\\/hotel-kristal-o-vacanta-deplina-in-nisipurile-de-aur\\\/#primaryimage\"},\"image\":{\"@id\":\"https:\\\/\\\/sofia-today.com\\\/ro\\\/hotel-kristal-o-vacanta-deplina-in-nisipurile-de-aur\\\/#primaryimage\"},\"thumbnailUrl\":\"https:\\\/\\\/sofia-today.com\\\/wp-content\\\/uploads\\\/2022\\\/01\\\/Hotel-Kristal-1.png\",\"datePublished\":\"2022-01-14T10:05:00+00:00\",\"dateModified\":\"2026-08-26T08:21:12+00:00\",\"breadcrumb\":{\"@id\":\"https:\\\/\\\/sofia-today.com\\\/ro\\\/hotel-kristal-o-vacanta-deplina-in-nisipurile-de-aur\\\/#breadcrumb\"},\"inLanguage\":\"ro-RO\",\"potentialAction\":[{\"@type\":\"ReadAction\",\"target\":[\"https:\\\/\\\/sofia-today.com\\\/ro\\\/hotel-kristal-o-vacanta-deplina-in-nisipurile-de-aur\\\/\"]}]},{\"@type\":\"ImageObject\",\"inLanguage\":\"ro-RO\",\"@id\":\"https:\\\/\\\/sofia-today.com\\\/ro\\\/hotel-kristal-o-vacanta-deplina-in-nisipurile-de-aur\\\/#primaryimage\",\"url\":\"https:\\\/\\\/sofia-today.com\\\/wp-content\\\/uploads\\\/2022\\\/01\\\/Hotel-Kristal-1.png\",\"contentUrl\":\"https:\\\/\\\/sofia-today.com\\\/wp-content\\\/uploads\\\/2022\\\/01\\\/Hotel-Kristal-1.png\",\"width\":1920,\"height\":1080},{\"@type\":\"BreadcrumbList\",\"@id\":\"https:\\\/\\\/sofia-today.com\\\/ro\\\/hotel-kristal-o-vacanta-deplina-in-nisipurile-de-aur\\\/#breadcrumb\",\"itemListElement\":[{\"@type\":\"ListItem\",\"position\":1,\"name\":\"Pagina principala\",\"item\":\"https:\\\/\\\/sofia-today.com\\\/\"},{\"@type\":\"ListItem\",\"position\":2,\"name\":\"Hotel Kristal \u2013 o vacan\u021b\u0103 deplin\u0103 \u00een Nisipurile de Aur\"}]},{\"@type\":\"WebSite\",\"@id\":\"https:\\\/\\\/sofia-today.com\\\/#website\",\"url\":\"https:\\\/\\\/sofia-today.com\\\/\",\"name\":\"Sofia-today.com\",\"description\":\"\",\"publisher\":{\"@id\":\"https:\\\/\\\/sofia-today.com\\\/#organization\"},\"potentialAction\":[{\"@type\":\"SearchAction\",\"target\":{\"@type\":\"EntryPoint\",\"urlTemplate\":\"https:\\\/\\\/sofia-today.com\\\/?s={search_term_string}\"},\"query-input\":{\"@type\":\"PropertyValueSpecification\",\"valueRequired\":true,\"valueName\":\"search_term_string\"}}],\"inLanguage\":\"ro-RO\"},{\"@type\":\"Organization\",\"@id\":\"https:\\\/\\\/sofia-today.com\\\/#organization\",\"name\":\"Sofia-today.com\",\"url\":\"https:\\\/\\\/sofia-today.com\\\/\",\"logo\":{\"@type\":\"ImageObject\",\"inLanguage\":\"ro-RO\",\"@id\":\"https:\\\/\\\/sofia-today.com\\\/#\\\/schema\\\/logo\\\/image\\\/\",\"url\":\"https:\\\/\\\/sofia-today.com\\\/wp-content\\\/uploads\\\/2026\\\/08\\\/sofia-Copy.png\",\"contentUrl\":\"https:\\\/\\\/sofia-today.com\\\/wp-content\\\/uploads\\\/2026\\\/08\\\/sofia-Copy.png\",\"width\":332,\"height\":49,\"caption\":\"Sofia-today.com\"},\"image\":{\"@id\":\"https:\\\/\\\/sofia-today.com\\\/#\\\/schema\\\/logo\\\/image\\\/\"}},{\"@type\":\"Person\",\"@id\":\"https:\\\/\\\/sofia-today.com\\\/#\\\/schema\\\/person\\\/1c57218a6bbf3a960a388e047b2971d5\",\"name\":\"admin\",\"image\":{\"@type\":\"ImageObject\",\"inLanguage\":\"ro-RO\",\"@id\":\"https:\\\/\\\/secure.gravatar.com\\\/avatar\\\/d4bba4799a9e110700c455daf9fe3ed850eaa392a587d5fbe4531d21ca083c15?s=96&d=mm&r=g\",\"url\":\"https:\\\/\\\/secure.gravatar.com\\\/avatar\\\/d4bba4799a9e110700c455daf9fe3ed850eaa392a587d5fbe4531d21ca083c15?s=96&d=mm&r=g\",\"contentUrl\":\"https:\\\/\\\/secure.gravatar.com\\\/avatar\\\/d4bba4799a9e110700c455daf9fe3ed850eaa392a587d5fbe4531d21ca083c15?s=96&d=mm&r=g\",\"caption\":\"admin\"},\"sameAs\":[\"https:\\\/\\\/sofia-today.com\"],\"url\":\"https:\\\/\\\/sofia-today.com\\\/ro\\\/author\\\/blogadmin\\\/\"}]}<\/script>\n<!-- \/ Yoast SEO plugin. -->","yoast_head_json":{"title":"Hotel Kristal \u2013 o vacan\u021b\u0103 deplin\u0103 \u00een Nisipurile de Aur - Sofia-today.com","robots":{"index":"index","follow":"follow","max-snippet":"max-snippet:-1","max-image-preview":"max-image-preview:large","max-video-preview":"max-video-preview:-1"},"canonical":"https:\/\/sofia-today.com\/ro\/hotel-kristal-o-vacanta-deplina-in-nisipurile-de-aur\/","og_locale":"ro_RO","og_type":"article","og_title":"Hotel Kristal \u2013 o vacan\u021b\u0103 deplin\u0103 \u00een Nisipurile de Aur - Sofia-today.com","og_description":"Informa\u021bii despre hotel Dac\u0103 a\u021bi decis s\u0103 organiza\u021bi o vacan\u021b\u0103 All Inclusive la Nisipurile de Aur \u00een aceast\u0103 var\u0103, cu siguran\u021b\u0103 v\u0103 confrunta\u021bi cu sarcina de a alege un loc de cazare. G\u0103sirea unei loca\u021bii potrivite pentru \u00eentreaga familie nu este o misiune u\u0219oar\u0103, iar num\u0103rul tot mai mare de hoteluri \u0219i oferte tentante pare [&hellip;]","og_url":"https:\/\/sofia-today.com\/ro\/hotel-kristal-o-vacanta-deplina-in-nisipurile-de-aur\/","og_site_name":"Sofia-today.com","article_published_time":"2022-01-14T10:05:00+00:00","article_modified_time":"2026-08-26T08:21:12+00:00","og_image":[{"width":1920,"height":1080,"url":"https:\/\/sofia-today.com\/wp-content\/uploads\/2022\/01\/Hotel-Kristal-1.png","type":"image\/png"}],"author":"admin","twitter_card":"summary_large_image","twitter_misc":{"Scris de":"admin","Timp estimat pentru citire":"4 minute"},"schema":{"@context":"https:\/\/schema.org","@graph":[{"@type":"Article","@id":"https:\/\/sofia-today.com\/ro\/hotel-kristal-o-vacanta-deplina-in-nisipurile-de-aur\/#article","isPartOf":{"@id":"https:\/\/sofia-today.com\/ro\/hotel-kristal-o-vacanta-deplina-in-nisipurile-de-aur\/"},"author":{"name":"admin","@id":"https:\/\/sofia-today.com\/#\/schema\/person\/1c57218a6bbf3a960a388e047b2971d5"},"headline":"Hotel Kristal \u2013 o vacan\u021b\u0103 deplin\u0103 \u00een Nisipurile de Aur","datePublished":"2022-01-14T10:05:00+00:00","dateModified":"2026-08-26T08:21:12+00:00","mainEntityOfPage":{"@id":"https:\/\/sofia-today.com\/ro\/hotel-kristal-o-vacanta-deplina-in-nisipurile-de-aur\/"},"wordCount":752,"publisher":{"@id":"https:\/\/sofia-today.com\/#organization"},"image":{"@id":"https:\/\/sofia-today.com\/ro\/hotel-kristal-o-vacanta-deplina-in-nisipurile-de-aur\/#primaryimage"},"thumbnailUrl":"https:\/\/sofia-today.com\/wp-content\/uploads\/2022\/01\/Hotel-Kristal-1.png","articleSection":["Hoteluri","Hoteluri \u00een afara Sofia","Pentru inspira\u021bie"],"inLanguage":"ro-RO"},{"@type":"WebPage","@id":"https:\/\/sofia-today.com\/ro\/hotel-kristal-o-vacanta-deplina-in-nisipurile-de-aur\/","url":"https:\/\/sofia-today.com\/ro\/hotel-kristal-o-vacanta-deplina-in-nisipurile-de-aur\/","name":"Hotel Kristal \u2013 o vacan\u021b\u0103 deplin\u0103 \u00een Nisipurile de Aur - Sofia-today.com","isPartOf":{"@id":"https:\/\/sofia-today.com\/#website"},"primaryImageOfPage":{"@id":"https:\/\/sofia-today.com\/ro\/hotel-kristal-o-vacanta-deplina-in-nisipurile-de-aur\/#primaryimage"},"image":{"@id":"https:\/\/sofia-today.com\/ro\/hotel-kristal-o-vacanta-deplina-in-nisipurile-de-aur\/#primaryimage"},"thumbnailUrl":"https:\/\/sofia-today.com\/wp-content\/uploads\/2022\/01\/Hotel-Kristal-1.png","datePublished":"2022-01-14T10:05:00+00:00","dateModified":"2026-08-26T08:21:12+00:00","breadcrumb":{"@id":"https:\/\/sofia-today.com\/ro\/hotel-kristal-o-vacanta-deplina-in-nisipurile-de-aur\/#breadcrumb"},"inLanguage":"ro-RO","potentialAction":[{"@type":"ReadAction","target":["https:\/\/sofia-today.com\/ro\/hotel-kristal-o-vacanta-deplina-in-nisipurile-de-aur\/"]}]},{"@type":"ImageObject","inLanguage":"ro-RO","@id":"https:\/\/sofia-today.com\/ro\/hotel-kristal-o-vacanta-deplina-in-nisipurile-de-aur\/#primaryimage","url":"https:\/\/sofia-today.com\/wp-content\/uploads\/2022\/01\/Hotel-Kristal-1.png","contentUrl":"https:\/\/sofia-today.com\/wp-content\/uploads\/2022\/01\/Hotel-Kristal-1.png","width":1920,"height":1080},{"@type":"BreadcrumbList","@id":"https:\/\/sofia-today.com\/ro\/hotel-kristal-o-vacanta-deplina-in-nisipurile-de-aur\/#breadcrumb","itemListElement":[{"@type":"ListItem","position":1,"name":"Pagina principala","item":"https:\/\/sofia-today.com\/"},{"@type":"ListItem","position":2,"name":"Hotel Kristal \u2013 o vacan\u021b\u0103 deplin\u0103 \u00een Nisipurile de Aur"}]},{"@type":"WebSite","@id":"https:\/\/sofia-today.com\/#website","url":"https:\/\/sofia-today.com\/","name":"Sofia-today.com","description":"","publisher":{"@id":"https:\/\/sofia-today.com\/#organization"},"potentialAction":[{"@type":"SearchAction","target":{"@type":"EntryPoint","urlTemplate":"https:\/\/sofia-today.com\/?s={search_term_string}"},"query-input":{"@type":"PropertyValueSpecification","valueRequired":true,"valueName":"search_term_string"}}],"inLanguage":"ro-RO"},{"@type":"Organization","@id":"https:\/\/sofia-today.com\/#organization","name":"Sofia-today.com","url":"https:\/\/sofia-today.com\/","logo":{"@type":"ImageObject","inLanguage":"ro-RO","@id":"https:\/\/sofia-today.com\/#\/schema\/logo\/image\/","url":"https:\/\/sofia-today.com\/wp-content\/uploads\/2026\/08\/sofia-Copy.png","contentUrl":"https:\/\/sofia-today.com\/wp-content\/uploads\/2026\/08\/sofia-Copy.png","width":332,"height":49,"caption":"Sofia-today.com"},"image":{"@id":"https:\/\/sofia-today.com\/#\/schema\/logo\/image\/"}},{"@type":"Person","@id":"https:\/\/sofia-today.com\/#\/schema\/person\/1c57218a6bbf3a960a388e047b2971d5","name":"admin","image":{"@type":"ImageObject","inLanguage":"ro-RO","@id":"https:\/\/secure.gravatar.com\/avatar\/d4bba4799a9e110700c455daf9fe3ed850eaa392a587d5fbe4531d21ca083c15?s=96&d=mm&r=g","url":"https:\/\/secure.gravatar.com\/avatar\/d4bba4799a9e110700c455daf9fe3ed850eaa392a587d5fbe4531d21ca083c15?s=96&d=mm&r=g","contentUrl":"https:\/\/secure.gravatar.com\/avatar\/d4bba4799a9e110700c455daf9fe3ed850eaa392a587d5fbe4531d21ca083c15?s=96&d=mm&r=g","caption":"admin"},"sameAs":["https:\/\/sofia-today.com"],"url":"https:\/\/sofia-today.com\/ro\/author\/blogadmin\/"}]}},"_links":{"self":[{"href":"https:\/\/sofia-today.com\/ro\/wp-json\/wp\/v2\/posts\/2060","targetHints":{"allow":["GET"]}}],"collection":[{"href":"https:\/\/sofia-today.com\/ro\/wp-json\/wp\/v2\/posts"}],"about":[{"href":"https:\/\/sofia-today.com\/ro\/wp-json\/wp\/v2\/types\/post"}],"author":[{"embeddable":true,"href":"https:\/\/sofia-today.com\/ro\/wp-json\/wp\/v2\/users\/1"}],"replies":[{"embeddable":true,"href":"https:\/\/sofia-today.com\/ro\/wp-json\/wp\/v2\/comments?post=2060"}],"version-history":[{"count":4,"href":"https:\/\/sofia-today.com\/ro\/wp-json\/wp\/v2\/posts\/2060\/revisions"}],"predecessor-version":[{"id":2598,"href":"https:\/\/sofia-today.com\/ro\/wp-json\/wp\/v2\/posts\/2060\/revisions\/2598"}],"wp:featuredmedia":[{"embeddable":true,"href":"https:\/\/sofia-today.com\/ro\/wp-json\/wp\/v2\/media\/1437"}],"wp:attachment":[{"href":"https:\/\/sofia-today.com\/ro\/wp-json\/wp\/v2\/media?parent=2060"}],"wp:term":[{"taxonomy":"category","embeddable":true,"href":"https:\/\/sofia-today.com\/ro\/wp-json\/wp\/v2\/categories?post=2060"},{"taxonomy":"post_tag","embeddable":true,"href":"https:\/\/sofia-today.com\/ro\/wp-json\/wp\/v2\/tags?post=2060"}],"curies":[{"name":"wp","href":"https:\/\/api.w.org\/{rel}","templated":true}]}}